{"id":24916,"date":"2026-04-29T00:35:38","date_gmt":"2026-04-29T03:35:38","guid":{"rendered":"https:\/\/atitudenoticias.com.br\/?p=24916"},"modified":"2026-04-29T00:58:52","modified_gmt":"2026-04-29T03:58:52","slug":"vacancia-no-tcm-abre-disputa-politica-e-movimenta-bastidores","status":"publish","type":"post","link":"https:\/\/atitudenoticias.com.br\/?p=24916","title":{"rendered":"Vac\u00e2ncia no TCM abre disputa pol\u00edtica e movimenta bastidores"},"content":{"rendered":"\n<p class=\"has-text-align-center\"><em><strong>FRANCISCO DE SOUZA Andrade Netto comunicou oficialmente \u00e0 presidente da ALBA, Ivana Bastos, a previs\u00e3o de vac\u00e2ncia<\/strong><\/em><\/p>\n\n\n\n<p>O presidente do Tribunal de Contas dos Munic\u00edpios da Bahia (TCM-BA), Francisco de Souza Andrade Netto, comunicou oficialmente \u00e0 presidente da Assembleia Legislativa da Bahia (ALBA), Ivana Bastos, a previs\u00e3o de vac\u00e2ncia de uma das cadeiras da Corte. A informa\u00e7\u00e3o foi encaminhada por meio de of\u00edcio, em resposta a questionamento feito pela pr\u00f3pria chefe do Legislativo estadual.&nbsp;<\/p>\n\n\n\n<p>De acordo com o documento, a vaga ser\u00e1 aberta no dia 9 de agosto deste ano, data em que o pr\u00f3prio Francisco Netto dever\u00e1 se aposentar compulsoriamente. A manifesta\u00e7\u00e3o foi corroborada pelo corregedor-geral do \u00f3rg\u00e3o, Pl\u00ednio Carneiro Filho, que confirmou a previs\u00e3o de sa\u00edda do atual presidente.<\/p>\n\n\n\n<p>No mesmo of\u00edcio, o TCM esclarece que caber\u00e1 \u00e0 Assembleia Legislativa indicar o novo conselheiro, seguindo o princ\u00edpio de composi\u00e7\u00e3o parit\u00e1ria previsto na legisla\u00e7\u00e3o. Esse modelo, que busca assegurar diversidade na forma\u00e7\u00e3o do colegiado, est\u00e1 estabelecido tanto no Artigo 73 da Constitui\u00e7\u00e3o Federal quanto no Artigo 94 da Constitui\u00e7\u00e3o do Estado da Bahia. Atualmente, o tribunal \u00e9 composto por sete conselheiros, com indica\u00e7\u00f5es alternadas entre o governador e o Legislativo estadual. A legisla\u00e7\u00e3o tamb\u00e9m determina crit\u00e9rios m\u00ednimos para o cargo, como idade m\u00ednima de 35 anos e aposentadoria compuls\u00f3ria aos 75.<\/p>\n\n\n\n<p>A abertura da vaga j\u00e1 movimenta os bastidores pol\u00edticos. O deputado estadual Adolfo Menezes (PSD) confirmou que tem tratado com cautela a possibilidade de disputar a indica\u00e7\u00e3o para o TCM-BA. Segundo ele, o processo envolve n\u00e3o apenas requisitos legais, mas tamb\u00e9m articula\u00e7\u00e3o pol\u00edtica dentro da Assembleia, j\u00e1 que s\u00e3o necess\u00e1rios ao menos 32 votos entre os parlamentares para garantir a escolha.<\/p>\n\n\n\n<p>\u201cA Assembleia pode fazer a elei\u00e7\u00e3o antes. Ent\u00e3o, a indica\u00e7\u00e3o \u00e9 poss\u00edvel, e a elei\u00e7\u00e3o pode ser feita antes da vaga ser aberta. O que eu n\u00e3o posso \u00e9 assumir antes da vaga ser aberta\u201d, afirmou o deputado. Ele acrescentou que tem buscado apoio entre os colegas e dialogado com diferentes lideran\u00e7as pol\u00edticas, ressaltando a necessidade de construir consenso em torno do seu nome.<\/p>\n\n\n\n<p>Adolfo Menezes tamb\u00e9m indicou que j\u00e1 conta com respaldo de figuras influentes, como os senadores Jaques Wagner (PT) e Otto Alencar (PSD), al\u00e9m do ex-ministro da Casa Civil Rui Costa (PT) e da pr\u00f3pria presidente da ALBA. Apesar disso, ele afirma que mant\u00e9m cautela e segue dialogando com todos os deputados estaduais.<\/p>\n\n\n\n<p><strong><em>(Por: Henrique Brinco\/Tribuna da Bahia)<\/em><\/strong><\/p>\n\n\n\n<p><\/p>\n","protected":false},"excerpt":{"rendered":"<p>FRANCISCO DE SOUZA Andrade Netto comunicou oficialmente \u00e0 presidente da ALBA, Ivana Bastos, a previs\u00e3o&hellip;<\/p>\n","protected":false},"author":2,"featured_media":24917,"comment_status":"open","ping_status":"open","sticky":false,"template":"","format":"standard","meta":{"footnotes":""},"categories":[30],"tags":[],"class_list":["post-24916","post","type-post","status-publish","format-standard","has-post-thumbnail","hentry","category-politica"],"_links":{"self":[{"href":"https:\/\/atitudenoticias.com.br\/index.php?rest_route=\/wp\/v2\/posts\/24916","targetHints":{"allow":["GET"]}}],"collection":[{"href":"https:\/\/atitudenoticias.com.br\/index.php?rest_route=\/wp\/v2\/posts"}],"about":[{"href":"https:\/\/atitudenoticias.com.br\/index.php?rest_route=\/wp\/v2\/types\/post"}],"author":[{"embeddable":true,"href":"https:\/\/atitudenoticias.com.br\/index.php?rest_route=\/wp\/v2\/users\/2"}],"replies":[{"embeddable":true,"href":"https:\/\/atitudenoticias.com.br\/index.php?rest_route=%2Fwp%2Fv2%2Fcomments&post=24916"}],"version-history":[{"count":2,"href":"https:\/\/atitudenoticias.com.br\/index.php?rest_route=\/wp\/v2\/posts\/24916\/revisions"}],"predecessor-version":[{"id":24919,"href":"https:\/\/atitudenoticias.com.br\/index.php?rest_route=\/wp\/v2\/posts\/24916\/revisions\/24919"}],"wp:featuredmedia":[{"embeddable":true,"href":"https:\/\/atitudenoticias.com.br\/index.php?rest_route=\/wp\/v2\/media\/24917"}],"wp:attachment":[{"href":"https:\/\/atitudenoticias.com.br\/index.php?rest_route=%2Fwp%2Fv2%2Fmedia&parent=24916"}],"wp:term":[{"taxonomy":"category","embeddable":true,"href":"https:\/\/atitudenoticias.com.br\/index.php?rest_route=%2Fwp%2Fv2%2Fcategories&post=24916"},{"taxonomy":"post_tag","embeddable":true,"href":"https:\/\/atitudenoticias.com.br\/index.php?rest_route=%2Fwp%2Fv2%2Ftags&post=24916"}],"curies":[{"name":"wp","href":"https:\/\/api.w.org\/{rel}","templated":true}]}}