{"id":24920,"date":"2026-04-29T00:37:06","date_gmt":"2026-04-29T03:37:06","guid":{"rendered":"https:\/\/atitudenoticias.com.br\/?p=24920"},"modified":"2026-04-29T01:18:00","modified_gmt":"2026-04-29T04:18:00","slug":"camara-de-feira-de-santana-abre-inscricoes-para-curso-sobre-nova-lei-de-licitacoes","status":"publish","type":"post","link":"https:\/\/atitudenoticias.com.br\/?p=24920","title":{"rendered":"C\u00e2mara de Feira de Santana abre inscri\u00e7\u00f5es para curso sobre Nova Lei de Licita\u00e7\u00f5es"},"content":{"rendered":"\n<p class=\"has-text-align-center\"><strong><em>A abertura das atividades ocorrer\u00e1 no dia 5 de maio, com aula inaugural sobre a nova lei e governan\u00e7a nas contrata\u00e7\u00f5es p\u00fablicas<\/em><\/strong><\/p>\n\n\n\n<p>Com foco na qualifica\u00e7\u00e3o profissional e no aprimoramento das atividades parlamentares, a Escola do Legislativo da\u00a0C\u00e2mara Municipal de Feira de Santana ir\u00e1 oferecer um novo curso para vereadores, servidores, funcion\u00e1rios da Casa da Cidadania e p\u00fablico externo.<\/p>\n\n\n\n<p>A programa\u00e7\u00e3o do \u201cCurso B\u00e1sico: Atualiza\u00e7\u00f5es da Lei n\u00ba 14.133\/2021: Atribui\u00e7\u00f5es, Compet\u00eancias e Responsabilidades dos Gestores e Fiscais de Contratos, Fluxos e Mecanismos de Fiscaliza\u00e7\u00e3o, Gerenciamento e Processos de Pagamento\u201d \u00e9 composta por encontros com diferentes especialistas. As inscri\u00e7\u00f5es est\u00e3o abertas at\u00e9 esta quarta-feira, 29.<\/p>\n\n\n\n<p>A abertura das atividades ocorrer\u00e1 no dia 5 de maio, com aula inaugural sobre a Nova Lei de Licita\u00e7\u00f5es e Contratos Administrativos (Lei n\u00ba 14.133\/2021) e governan\u00e7a nas contrata\u00e7\u00f5es p\u00fablicas. A atividade ser\u00e1 realizada \u00e0s 14h, no pr\u00e9dio-sede da C\u00e2mara Municipal. Os demais encontros acontecer\u00e3o no mesmo hor\u00e1rio, no pr\u00e9dio da Secretaria Municipal de Educa\u00e7\u00e3o.<\/p>\n\n\n\n<p>A programa\u00e7\u00e3o contempla temas relacionados \u00e0 rotina administrativa e legislativa, com destaque para a aplica\u00e7\u00e3o da nova Lei de Licita\u00e7\u00f5es, al\u00e9m de conte\u00fados voltados \u00e0 gest\u00e3o, fiscaliza\u00e7\u00e3o e execu\u00e7\u00e3o de contratos p\u00fablicos. Ao longo do curso, ser\u00e3o abordados assuntos como gest\u00e3o contratual, responsabiliza\u00e7\u00e3o de gestores, instrumentos de fiscaliza\u00e7\u00e3o e controle, processos de pagamento, al\u00e9m de oficina pr\u00e1tica com o sistema administrativo da C\u00e2mara, o Legisoft.<\/p>\n\n\n\n<p>As capacita\u00e7\u00f5es ser\u00e3o conduzidas por profissionais com atua\u00e7\u00e3o na \u00e1rea, incluindo especialistas em gest\u00e3o p\u00fablica e contratos administrativos. A programa\u00e7\u00e3o tamb\u00e9m prev\u00ea certifica\u00e7\u00e3o ao final do curso, no dia 2 de junho.<\/p>\n\n\n\n<p>Os interessados, podem realizar a inscri\u00e7\u00e3o clicando&nbsp;<a href=\"https:\/\/docs.google.com\/forms\/d\/e\/1FAIpQLSeKHHnz5ktUxT-Pd0VOf0XCRS-265pQm-79Q-7VPvpp7Dn5Kg\/viewform\">aqui<\/a>.<\/p>\n\n\n\n<h2 class=\"wp-block-heading\" id=\"h-programacao-completa\">Programa\u00e7\u00e3o completa<\/h2>\n\n\n\n<p><strong>05\/05 \u2013 Aula Inaugural<\/strong><br>Tema: Introdu\u00e7\u00e3o \u00e0 Nova Lei de Licita\u00e7\u00f5es e Contratos Administrativos. Fundamentos da Lei n\u00ba 14.133\/2021 e governan\u00e7a nas contrata\u00e7\u00f5es p\u00fablicas.<br>Mentor: Alessandro Macedo<br>Carga hor\u00e1ria: 1h<\/p>\n\n\n\n<p><strong>07\/05 \u2013 Encontro 1<\/strong><br>Tema: Gest\u00e3o de contratos administrativos na Lei n\u00ba 14.133\/2021<br>Mentor: Gustavo Checcucci<br>Carga hor\u00e1ria: 3h<\/p>\n\n\n\n<p><strong>11\/05 \u2013 Encontro 2<\/strong><br>Tema: Responsabiliza\u00e7\u00e3o dos gestores e fiscais de contratos<br>Mentora: Geruza Gomes<br>Carga hor\u00e1ria: 2h <\/p>\n\n\n\n<p><strong>13\/05 \u2013 Encontro 2<\/strong><br>Tema: Instrumentos administrativos de fiscaliza\u00e7\u00e3o e controle contratual<br>Mentor: Cristiano Queiroz<br>Carga hor\u00e1ria: 4h<\/p>\n\n\n\n<p><strong>18\/05 \u2013 Encontro 3<br><\/strong>Tema: Liquida\u00e7\u00e3o da despesa e processos de pagamento nos contratos administrativos<br>Mentora: Elis Mara Miranda<br>Carga hor\u00e1ria: 2h<\/p>\n\n\n\n<p><strong>25\/05 \u2013 Encontro 4<br><\/strong>Tema: Oficina pr\u00e1tica: utiliza\u00e7\u00e3o do sistema Legisoft e fluxos administrativos<br>Mentora: Loriane Andrade<br>Carga hor\u00e1ria: 4h<\/p>\n\n\n\n<p><strong>27\/05 \u2013 Encontro 5<br><\/strong>Tema: Oficina de an\u00e1lise t\u00e9cnica de contratos administrativos<br>Mentor: Marcos Leite<br>Carga hor\u00e1ria: 2h<\/p>\n\n\n\n<p><strong>27\/05 \u2013 Encontro 5<br><\/strong>Tema: Apresenta\u00e7\u00e3o da Atividade de Conclus\u00e3o de Curso<br>Mentor: Eurico Neto<br>Carga hor\u00e1ria: 2h<\/p>\n\n\n\n<p><strong>02\/06 \u2013 Certifica\u00e7\u00e3o<br><\/strong>Entrega de certificados<\/p>\n\n\n\n<p><em><strong>(ASCOM\/CMFS) <\/strong><\/em><\/p>\n","protected":false},"excerpt":{"rendered":"<p>A abertura das atividades ocorrer\u00e1 no dia 5 de maio, com aula inaugural sobre a&hellip;<\/p>\n","protected":false},"author":2,"featured_media":16533,"comment_status":"open","ping_status":"open","sticky":false,"template":"","format":"standard","meta":{"footnotes":""},"categories":[30],"tags":[],"class_list":["post-24920","post","type-post","status-publish","format-standard","has-post-thumbnail","hentry","category-politica"],"_links":{"self":[{"href":"https:\/\/atitudenoticias.com.br\/index.php?rest_route=\/wp\/v2\/posts\/24920","targetHints":{"allow":["GET"]}}],"collection":[{"href":"https:\/\/atitudenoticias.com.br\/index.php?rest_route=\/wp\/v2\/posts"}],"about":[{"href":"https:\/\/atitudenoticias.com.br\/index.php?rest_route=\/wp\/v2\/types\/post"}],"author":[{"embeddable":true,"href":"https:\/\/atitudenoticias.com.br\/index.php?rest_route=\/wp\/v2\/users\/2"}],"replies":[{"embeddable":true,"href":"https:\/\/atitudenoticias.com.br\/index.php?rest_route=%2Fwp%2Fv2%2Fcomments&post=24920"}],"version-history":[{"count":3,"href":"https:\/\/atitudenoticias.com.br\/index.php?rest_route=\/wp\/v2\/posts\/24920\/revisions"}],"predecessor-version":[{"id":24925,"href":"https:\/\/atitudenoticias.com.br\/index.php?rest_route=\/wp\/v2\/posts\/24920\/revisions\/24925"}],"wp:featuredmedia":[{"embeddable":true,"href":"https:\/\/atitudenoticias.com.br\/index.php?rest_route=\/wp\/v2\/media\/16533"}],"wp:attachment":[{"href":"https:\/\/atitudenoticias.com.br\/index.php?rest_route=%2Fwp%2Fv2%2Fmedia&parent=24920"}],"wp:term":[{"taxonomy":"category","embeddable":true,"href":"https:\/\/atitudenoticias.com.br\/index.php?rest_route=%2Fwp%2Fv2%2Fcategories&post=24920"},{"taxonomy":"post_tag","embeddable":true,"href":"https:\/\/atitudenoticias.com.br\/index.php?rest_route=%2Fwp%2Fv2%2Ftags&post=24920"}],"curies":[{"name":"wp","href":"https:\/\/api.w.org\/{rel}","templated":true}]}}