{"id":24926,"date":"2026-04-29T00:01:16","date_gmt":"2026-04-29T03:01:16","guid":{"rendered":"https:\/\/atitudenoticias.com.br\/?p=24926"},"modified":"2026-04-29T09:31:32","modified_gmt":"2026-04-29T12:31:32","slug":"ron-do-povo-convite-a-imprensa","status":"publish","type":"post","link":"https:\/\/atitudenoticias.com.br\/?p=24926","title":{"rendered":"Ron do Povo: Convite \u00e0 Imprensa"},"content":{"rendered":"\n<p><\/p>\n\n\n\n<p>O vereador Ron do Povo tem a honra de convidar sua equipe para acompanhar um importante momento para a popula\u00e7\u00e3o de Feira de Santana.<\/p>\n\n\n\n<p>Nesta quinta-feira (30\/04), \u00e0s 11h00, ser\u00e1 realizada a entrega de um importante equipamento de sa\u00fade, fruto do trabalho e compromisso do mandato do vereador.<\/p>\n\n\n\n<p>Local: Rua Tuparis (Santa M\u00f4nica)<\/p>\n\n\n\n<p>Ao lado da Caixa Econ\u00f4mica Federal, em frente \u00e0 Prime Clean Lavanderia, na sede da Secretaria de Sa\u00fade II.<\/p>\n\n\n\n<p>Este ser\u00e1 um dia marcante, onde a popula\u00e7\u00e3o feirense ser\u00e1 diretamente beneficiada com um instrumento de grande relev\u00e2ncia, que contribuir\u00e1 para o fortalecimento da sa\u00fade p\u00fablica no munic\u00edpio.<\/p>\n\n\n\n<p>A a\u00e7\u00e3o refor\u00e7a o compromisso do mandato do vereador Ron do Povo com o bem-estar da popula\u00e7\u00e3o, buscando sempre melhorias concretas para a cidade.<\/p>\n\n\n\n<p>Contamos com a presen\u00e7a da imprensa para levar essa importante conquista ao conhecimento de toda a sociedade.<\/p>\n\n\n\n<p>Atenciosamente,<\/p>\n\n\n\n<p><strong><em>Vereador Ron do Povo<\/em><\/strong><\/p>\n\n\n\n<p><\/p>\n","protected":false},"excerpt":{"rendered":"<p>O vereador Ron do Povo tem a honra de convidar sua equipe para acompanhar um&hellip;<\/p>\n","protected":false},"author":2,"featured_media":24927,"comment_status":"open","ping_status":"open","sticky":false,"template":"","format":"standard","meta":{"footnotes":""},"categories":[30],"tags":[],"class_list":["post-24926","post","type-post","status-publish","format-standard","has-post-thumbnail","hentry","category-politica"],"_links":{"self":[{"href":"https:\/\/atitudenoticias.com.br\/index.php?rest_route=\/wp\/v2\/posts\/24926","targetHints":{"allow":["GET"]}}],"collection":[{"href":"https:\/\/atitudenoticias.com.br\/index.php?rest_route=\/wp\/v2\/posts"}],"about":[{"href":"https:\/\/atitudenoticias.com.br\/index.php?rest_route=\/wp\/v2\/types\/post"}],"author":[{"embeddable":true,"href":"https:\/\/atitudenoticias.com.br\/index.php?rest_route=\/wp\/v2\/users\/2"}],"replies":[{"embeddable":true,"href":"https:\/\/atitudenoticias.com.br\/index.php?rest_route=%2Fwp%2Fv2%2Fcomments&post=24926"}],"version-history":[{"count":1,"href":"https:\/\/atitudenoticias.com.br\/index.php?rest_route=\/wp\/v2\/posts\/24926\/revisions"}],"predecessor-version":[{"id":24928,"href":"https:\/\/atitudenoticias.com.br\/index.php?rest_route=\/wp\/v2\/posts\/24926\/revisions\/24928"}],"wp:featuredmedia":[{"embeddable":true,"href":"https:\/\/atitudenoticias.com.br\/index.php?rest_route=\/wp\/v2\/media\/24927"}],"wp:attachment":[{"href":"https:\/\/atitudenoticias.com.br\/index.php?rest_route=%2Fwp%2Fv2%2Fmedia&parent=24926"}],"wp:term":[{"taxonomy":"category","embeddable":true,"href":"https:\/\/atitudenoticias.com.br\/index.php?rest_route=%2Fwp%2Fv2%2Fcategories&post=24926"},{"taxonomy":"post_tag","embeddable":true,"href":"https:\/\/atitudenoticias.com.br\/index.php?rest_route=%2Fwp%2Fv2%2Ftags&post=24926"}],"curies":[{"name":"wp","href":"https:\/\/api.w.org\/{rel}","templated":true}]}}