{"id":24929,"date":"2026-04-30T14:11:18","date_gmt":"2026-04-30T17:11:18","guid":{"rendered":"https:\/\/atitudenoticias.com.br\/?p=24929"},"modified":"2026-04-30T14:11:19","modified_gmt":"2026-04-30T17:11:19","slug":"trabalho-decente-e-empregos-verdes-no-baixo-sul","status":"publish","type":"post","link":"https:\/\/atitudenoticias.com.br\/?p=24929","title":{"rendered":"Trabalho Decente e Empregos Verdes no Baixo Sul"},"content":{"rendered":"\n<p class=\"has-text-align-center\"><strong><em>\u00c0s v\u00e9speras do Dia do Trabalhador, comunidade quilombola em Valen\u00e7a recebe curso de tecnologia agr\u00edcola para impulsionar &#8220;Empregos Verdes&#8221;.<\/em><\/strong><\/p>\n\n\n\n<p>VILA VELHA DO JEQUIRI\u00c7\u00c1 \u2013 \u00c0s v\u00e9speras das comemora\u00e7\u00f5es pelo Dia do Trabalhador, o Projeto Semeando Renda e um Futuro Sustent\u00e1vel realiza, nesta quinta-feira (30\/04), uma a\u00e7\u00e3o estrat\u00e9gica de qualifica\u00e7\u00e3o profissional em Vila Velha do Jequiri\u00e7\u00e1, Valen\u00e7a. O &#8220;Curso de Enxertia em Mudas&#8221;, facilitado pelo Professor Givaldo Couto (CEPLAC), levar\u00e1 tecnologia de ponta para a Associa\u00e7\u00e3o dos Produtores Rurais e Piscicultores Familiares Remanescentes de Quilombolas Renascer.<br>A escolha da data n\u00e3o \u00e9 simb\u00f3lica apenas no calend\u00e1rio. Ao promover a capacita\u00e7\u00e3o t\u00e9cnica em um territ\u00f3rio quilombola na v\u00e9spera do 1\u00ba de maio, o projeto reafirma seu compromisso com a agenda do Trabalho Decente. A iniciativa foca na cria\u00e7\u00e3o de &#8220;Empregos Verdes&#8221;, onde a sustentabilidade ambiental caminha lado a lado com a seguran\u00e7a econ\u00f4mica e a sa\u00fade do trabalhador rural.<\/p>\n\n\n\n<p>A enxertia \u00e9 uma tecnologia sustent\u00e1vel que permite ao agricultor familiar produzir mudas mais resistentes e de maior valor comercial. Para a comunidade Renascer, o dom\u00ednio desta t\u00e9cnica significa independ\u00eancia produtiva e o fortalecimento direto da renda familiar, combatendo a precariedade e promovendo a inclus\u00e3o produtiva de jovens e mulheres afrodescendentes.<br>O engenheiro agr\u00f4nomo e consultor do projeto, Jos\u00e9 Veloso, enfatiza que o conhecimento t\u00e9cnico \u00e9 a ferramenta mais poderosa de emancipa\u00e7\u00e3o. &#8220;Celebrar o Dia do Trabalho com uma entrega t\u00e9cnica como esta \u00e9 a cara do IDES. Em nossos 28 anos de atua\u00e7\u00e3o na regi\u00e3o, sempre acreditamos que o desenvolvimento regional passa pela seguran\u00e7a t\u00e9cnica e pela valoriza\u00e7\u00e3o do homem e da mulher do campo. Estamos oferecendo ferramentas para que o produtor seja protagonista de sua pr\u00f3pria prosperidade&#8221;, afirma Veloso.<\/p>\n\n\n\n<p>O curso ocorrer\u00e1 durante todo o dia (manh\u00e3 e tarde), transformando a associa\u00e7\u00e3o quilombola em um centro de inova\u00e7\u00e3o agr\u00edcola. A expectativa \u00e9 que, a partir desta quinta-feira, a comunidade esteja apta a aplicar m\u00e9todos modernos de propaga\u00e7\u00e3o, elevando o padr\u00e3o da agricultura familiar no Baixo Sul baiano.<\/p>\n\n\n\n<p>SOBRE O PROJETO<br>Esta iniciativa conta com a parceria t\u00e9cnica da CEPLAC. O Projeto Semeando Renda e um Futuro Sustent\u00e1vel \u00e9 uma realiza\u00e7\u00e3o do IDES (Instituto de Desenvolvimento Sustent\u00e1vel do Baixo Sul da Bahia) e \u00e9 viabilizado pelo apoio do Minist\u00e9rio P\u00fablico do Trabalho (MPT), Governo do Estado da Bahia (SETRE), Justi\u00e7a do Trabalho (TRT 5\u00aa Regi\u00e3o), Agenda Bahia do Trabalho Decente e Funtrad.<\/p>\n\n\n\n<p>SERVI\u00c7O:<br>O qu\u00ea: Curso de Enxertia em Mudas.<br>Quando: Quinta-feira, 30\/04, das 08h \u00e0s 16h.<br>Onde: Associa\u00e7\u00e3o Quilombola Renascer \u2013 Vila Velha do Jequiri\u00e7\u00e1, Valen\u00e7a\/BA.<br>Redes Sociais: @ides.28anos<br>Fonte \/ Foto: Assessoria de Comunica\u00e7\u00e3o | IDES<br>Projeto Semeando Renda e um Futuro Sustent\u00e1vel<\/p>\n","protected":false},"excerpt":{"rendered":"<p>\u00c0s v\u00e9speras do Dia do Trabalhador, comunidade quilombola em Valen\u00e7a recebe curso de tecnologia agr\u00edcola&hellip;<\/p>\n","protected":false},"author":2,"featured_media":24930,"comment_status":"open","ping_status":"open","sticky":false,"template":"","format":"standard","meta":{"footnotes":""},"categories":[66],"tags":[],"class_list":["post-24929","post","type-post","status-publish","format-standard","has-post-thumbnail","hentry","category-municipios"],"_links":{"self":[{"href":"https:\/\/atitudenoticias.com.br\/index.php?rest_route=\/wp\/v2\/posts\/24929","targetHints":{"allow":["GET"]}}],"collection":[{"href":"https:\/\/atitudenoticias.com.br\/index.php?rest_route=\/wp\/v2\/posts"}],"about":[{"href":"https:\/\/atitudenoticias.com.br\/index.php?rest_route=\/wp\/v2\/types\/post"}],"author":[{"embeddable":true,"href":"https:\/\/atitudenoticias.com.br\/index.php?rest_route=\/wp\/v2\/users\/2"}],"replies":[{"embeddable":true,"href":"https:\/\/atitudenoticias.com.br\/index.php?rest_route=%2Fwp%2Fv2%2Fcomments&post=24929"}],"version-history":[{"count":1,"href":"https:\/\/atitudenoticias.com.br\/index.php?rest_route=\/wp\/v2\/posts\/24929\/revisions"}],"predecessor-version":[{"id":24931,"href":"https:\/\/atitudenoticias.com.br\/index.php?rest_route=\/wp\/v2\/posts\/24929\/revisions\/24931"}],"wp:featuredmedia":[{"embeddable":true,"href":"https:\/\/atitudenoticias.com.br\/index.php?rest_route=\/wp\/v2\/media\/24930"}],"wp:attachment":[{"href":"https:\/\/atitudenoticias.com.br\/index.php?rest_route=%2Fwp%2Fv2%2Fmedia&parent=24929"}],"wp:term":[{"taxonomy":"category","embeddable":true,"href":"https:\/\/atitudenoticias.com.br\/index.php?rest_route=%2Fwp%2Fv2%2Fcategories&post=24929"},{"taxonomy":"post_tag","embeddable":true,"href":"https:\/\/atitudenoticias.com.br\/index.php?rest_route=%2Fwp%2Fv2%2Ftags&post=24929"}],"curies":[{"name":"wp","href":"https:\/\/api.w.org\/{rel}","templated":true}]}}