{"id":24932,"date":"2026-04-30T19:52:43","date_gmt":"2026-04-30T22:52:43","guid":{"rendered":"https:\/\/atitudenoticias.com.br\/?p=24932"},"modified":"2026-04-30T19:52:44","modified_gmt":"2026-04-30T22:52:44","slug":"alceu-paula-fernandes-alcymar-monteiro-flavio-jose-e-raca-negra-animarao-o-arraia-de-feira","status":"publish","type":"post","link":"https:\/\/atitudenoticias.com.br\/?p=24932","title":{"rendered":"Alceu, Paula Fernandes, Alcymar Monteiro, Fl\u00e1vio Jos\u00e9 e Ra\u00e7a Negra animar\u00e3o o Arrai\u00e1 de Feira"},"content":{"rendered":"\n<p class=\"has-text-align-center\"><em><strong>As principais atra\u00e7\u00f5es foram anunciadas pelo prefeito Jos\u00e9 Ronaldo de Carvalho, durante coletiva na tarde desta quarta<\/strong><\/em><\/p>\n\n\n\n<p>Grandes nomes do forr\u00f3 e da m\u00fasica nacional v\u00e3o embalar os festejos juninos de Feira de Santana. Neste ano, a programa\u00e7\u00e3o come\u00e7a no dia 22 de junho, no distrito de Maria Quit\u00e9ria \u2014 onde a tradi\u00e7\u00e3o j\u00e1 ultrapassa meio s\u00e9culo \u2014 e segue at\u00e9 a manh\u00e3 de 4 de julho, em Ja\u00edba.<\/p>\n\n\n\n<p>As principais atra\u00e7\u00f5es foram anunciadas pelo prefeito Jos\u00e9 Ronaldo de Carvalho, durante coletiva na tarde desta quarta-feira (29). \u201cS\u00e3o cantores e bandas conhecidas regional e nacionalmente, que v\u00e3o atender \u00e0s expectativas dos moradores dos distritos e de quem busca divers\u00e3o\u201d, afirmou.<\/p>\n\n\n\n<p>O Arrai\u00e1 da Feira contar\u00e1 com seis polos e reunir\u00e1 artistas como Paula Fernandes, Alceu Valen\u00e7a, Ra\u00ed Saia Rodada, Caninana, Alcymar Monteiro, Solange Almeida, Fl\u00e1vio Jos\u00e9, Rato da Silibrina, Tayrone, al\u00e9m das bandas Lim\u00e3o com Mel, Mastruz com Leite e Ra\u00e7a Negra, contemplando diferentes estilos musicais.<\/p>\n\n\n\n<p>Durante o evento de an\u00fancio, o p\u00fablico tamb\u00e9m acompanhou apresenta\u00e7\u00f5es culturais, com destaque para o grupo Os Bambas do Nordeste e exibi\u00e7\u00f5es de quadrilhas juninas, refor\u00e7ando o clima t\u00edpico dos festejos.<br>Segundo o prefeito, os cach\u00eas foram definidos dentro dos limites acordados entre Uni\u00e3o dos Munic\u00edpios da Bahia, Tribunal de Contas do Estado da Bahia, Tribunal de Contas dos Munic\u00edpios da Bahia e Minist\u00e9rio P\u00fablico do Estado da Bahia, que estabeleceram teto de at\u00e9 R$ 700 mil por contrata\u00e7\u00e3o. \u201cTudo foi planejado dentro das nossas disponibilidades financeiras\u201d, destacou.<\/p>\n\n\n\n<p>O investimento total nas principais atra\u00e7\u00f5es deve girar em torno de R$ 6 milh\u00f5es. De acordo com Jos\u00e9 Ronaldo, a escolha dos nomes levou em considera\u00e7\u00e3o a opini\u00e3o dos moradores dos distritos. \u201cAcredito que a festa deste ano ser\u00e1 ainda melhor do que a do ano passado\u201d, disse.<\/p>\n\n\n\n<p>Ele tamb\u00e9m lembrou um pedido feito pela comunidade de Ja\u00edba em 2025. \u201cNa \u00e9poca, j\u00e1 n\u00e3o era poss\u00edvel contratar, mas me comprometi que neste ano Alcymar Monteiro se apresentaria l\u00e1. E est\u00e1 confirmado\u201d, afirmou. Em Ja\u00edba, o cantor dividir\u00e1 a programa\u00e7\u00e3o com Solange Almeida.<\/p>\n\n\n\n<p>A grade completa, incluindo artistas locais, ser\u00e1 divulgada nos pr\u00f3ximos dias pela Secretaria Municipal de Cultura, Esporte e Lazer.<\/p>\n\n\n\n<p>O prefeito ressaltou ainda que o calend\u00e1rio de eventos da cidade exige planejamento rigoroso de investimentos, abrangendo iniciativas como o Reisado de Tiquaru\u00e7u, a Expofeira, a Micareta e o Natal Encantado.<\/p>\n\n\n\n<p>Participaram da coletiva secret\u00e1rios municipais, entre eles o titular da Cultura, Esporte e Lazer, Cristiano Lobo, e o da Comunica\u00e7\u00e3o, Joilton Freitas, al\u00e9m de vereadores.<\/p>\n\n\n\n<p>Confira a grade anunciada:<\/p>\n\n\n\n<h3 class=\"wp-block-heading\"><strong>S\u00e3o Jo\u00e3o<\/strong><\/h3>\n\n\n\n<ul class=\"wp-block-list\">\n<li><strong>Distrito de Jaguara<\/strong>:\n<ul class=\"wp-block-list\">\n<li><strong>Data<\/strong>: 20 e 21 de junho.<\/li>\n\n\n\n<li><strong>Atra\u00e7\u00f5es<\/strong>: Acaraj\u00e9 com Camar\u00e3o e Filomena Bagaceira.<\/li>\n<\/ul>\n<\/li>\n\n\n\n<li><strong>Distrito de Tiquaru\u00e7u<\/strong>:\n<ul class=\"wp-block-list\">\n<li><strong>Data<\/strong>: 20 e 21 de junho.<\/li>\n\n\n\n<li><strong>Atra\u00e7\u00f5es<\/strong>: Banda Lua Cheia e Camila Menina Faceira.<\/li>\n<\/ul>\n<\/li>\n\n\n\n<li><strong>Distrito de Maria Quit\u00e9ria<\/strong>:\n<ul class=\"wp-block-list\">\n<li><strong>Data<\/strong>: 20 a 23 de junho.<\/li>\n\n\n\n<li><strong>Atra\u00e7\u00f5es<\/strong>: Ra\u00ed Saia Rodada, Caviar com Rapadura, Alceu Valen\u00e7a, Forroz\u00e3o das Antigas, Paula Fernandes, Filho do Piseiro, Lim\u00e3o com Mel e Caninana.<\/li>\n<\/ul>\n<\/li>\n<\/ul>\n\n\n\n<h3 class=\"wp-block-heading\"><strong>S\u00e3o Pedro<\/strong><\/h3>\n\n\n\n<ul class=\"wp-block-list\">\n<li><strong>Distrito de Humildes<\/strong>:\n<ul class=\"wp-block-list\">\n<li><strong>Data<\/strong>: 26 a 28 de junho.<\/li>\n\n\n\n<li><strong>Atra\u00e7\u00f5es<\/strong>: Luan Estilizado, Mastruz com Leite, Unha Pintada, Adelm\u00e1rio Coelho, Ra\u00e7a Negra, Buscap\u00e9 e Arreio de Ouro.<\/li>\n<\/ul>\n<\/li>\n\n\n\n<li><strong>Distrito de Bonfim de Feira<\/strong>:\n<ul class=\"wp-block-list\">\n<li><strong>Data<\/strong>: 27 e 28 de junho.<\/li>\n\n\n\n<li><strong>Atra\u00e7\u00f5es<\/strong>: Fl\u00e1vio Jos\u00e9, Raio da Silibrina, Tayrone e Colher de Pau.<\/li>\n<\/ul>\n<\/li>\n\n\n\n<li><strong>Distrito de Ja\u00edba<\/strong>:\n<ul class=\"wp-block-list\">\n<li><strong>Data<\/strong>: 03 e 04 de julho.<\/li>\n\n\n\n<li><strong>Atra\u00e7\u00f5es<\/strong>: Alcymar Monteiro e Solange Almeida.<\/li>\n<\/ul>\n<\/li>\n<\/ul>\n\n\n\n<ul class=\"wp-block-list\">\n<li><\/li>\n<\/ul>\n\n\n\n<p><\/p>\n","protected":false},"excerpt":{"rendered":"<p>As principais atra\u00e7\u00f5es foram anunciadas pelo prefeito Jos\u00e9 Ronaldo de Carvalho, durante coletiva na tarde&hellip;<\/p>\n","protected":false},"author":2,"featured_media":24933,"comment_status":"open","ping_status":"open","sticky":false,"template":"","format":"standard","meta":{"footnotes":""},"categories":[58,63],"tags":[],"class_list":["post-24932","post","type-post","status-publish","format-standard","has-post-thumbnail","hentry","category-feira-de-santana","category-sao-joao"],"_links":{"self":[{"href":"https:\/\/atitudenoticias.com.br\/index.php?rest_route=\/wp\/v2\/posts\/24932","targetHints":{"allow":["GET"]}}],"collection":[{"href":"https:\/\/atitudenoticias.com.br\/index.php?rest_route=\/wp\/v2\/posts"}],"about":[{"href":"https:\/\/atitudenoticias.com.br\/index.php?rest_route=\/wp\/v2\/types\/post"}],"author":[{"embeddable":true,"href":"https:\/\/atitudenoticias.com.br\/index.php?rest_route=\/wp\/v2\/users\/2"}],"replies":[{"embeddable":true,"href":"https:\/\/atitudenoticias.com.br\/index.php?rest_route=%2Fwp%2Fv2%2Fcomments&post=24932"}],"version-history":[{"count":1,"href":"https:\/\/atitudenoticias.com.br\/index.php?rest_route=\/wp\/v2\/posts\/24932\/revisions"}],"predecessor-version":[{"id":24934,"href":"https:\/\/atitudenoticias.com.br\/index.php?rest_route=\/wp\/v2\/posts\/24932\/revisions\/24934"}],"wp:featuredmedia":[{"embeddable":true,"href":"https:\/\/atitudenoticias.com.br\/index.php?rest_route=\/wp\/v2\/media\/24933"}],"wp:attachment":[{"href":"https:\/\/atitudenoticias.com.br\/index.php?rest_route=%2Fwp%2Fv2%2Fmedia&parent=24932"}],"wp:term":[{"taxonomy":"category","embeddable":true,"href":"https:\/\/atitudenoticias.com.br\/index.php?rest_route=%2Fwp%2Fv2%2Fcategories&post=24932"},{"taxonomy":"post_tag","embeddable":true,"href":"https:\/\/atitudenoticias.com.br\/index.php?rest_route=%2Fwp%2Fv2%2Ftags&post=24932"}],"curies":[{"name":"wp","href":"https:\/\/api.w.org\/{rel}","templated":true}]}}