{"id":24937,"date":"2026-05-01T00:55:33","date_gmt":"2026-05-01T03:55:33","guid":{"rendered":"https:\/\/atitudenoticias.com.br\/?p=24937"},"modified":"2026-05-01T00:55:34","modified_gmt":"2026-05-01T03:55:34","slug":"reativacao-de-modulo-policial-e-reforco-em-investimentos-sao-defendidos-para-melhorar-seguranca-em-feira","status":"publish","type":"post","link":"https:\/\/atitudenoticias.com.br\/?p=24937","title":{"rendered":"Reativa\u00e7\u00e3o de m\u00f3dulo policial e refor\u00e7o em investimentos s\u00e3o defendidos para melhorar seguran\u00e7a em Feira"},"content":{"rendered":"\n<p class=\"has-text-align-center\"><em><strong>A cobran\u00e7a \u00e9 do vereador Ron do Povo (PP), que sugeriu, dentre outras provid\u00eancias, a reativa\u00e7\u00e3o do m\u00f3dulo policial do bairro Sobradinho.<\/strong><\/em><\/p>\n\n\n\n<p><\/p>\n\n\n\n<p>O poder p\u00fablico precisa realizar a\u00e7\u00f5es e investimentos para incentivar os policiais que atuam na seguran\u00e7a p\u00fablica do munic\u00edpio e do estado. A cobran\u00e7a \u00e9 do vereador Ron do Povo (PP), que, durante sess\u00e3o na C\u00e2mara Municipal, nesta quinta-feira (30), sugeriu, dentre outras provid\u00eancias, a reativa\u00e7\u00e3o do m\u00f3dulo policial do bairro Sobradinho.<\/p>\n\n\n\n<p>Segundo o parlamentar, o m\u00f3dulo foi implantado em 2019, ap\u00f3s a \u201cmobiliza\u00e7\u00e3o de moradores e comerciantes da regi\u00e3o\u201d, mas atualmente n\u00e3o est\u00e1 em funcionamento. Para ele, a sua desativa\u00e7\u00e3o compromete a seguran\u00e7a no bairro e aumenta a sensa\u00e7\u00e3o de vulnerabilidade entre os moradores. \u201cIsso me deixa muito triste, porque a seguran\u00e7a do local ficou vulner\u00e1vel\u201d.<\/p>\n\n\n\n<p>Al\u00e9m da estrutura f\u00edsica, Ron do Povo tamb\u00e9m defendeu mais investimentos em tecnologia, viaturas e equipamentos para as corpora\u00e7\u00f5es, destacando que essas medidas contribuem para melhorar as condi\u00e7\u00f5es de trabalho dos profissionais e fortalecer as a\u00e7\u00f5es de combate \u00e0 criminalidade.<\/p>\n","protected":false},"excerpt":{"rendered":"<p>A cobran\u00e7a \u00e9 do vereador Ron do Povo (PP), que sugeriu, dentre outras provid\u00eancias, a&hellip;<\/p>\n","protected":false},"author":2,"featured_media":24938,"comment_status":"open","ping_status":"open","sticky":false,"template":"","format":"standard","meta":{"footnotes":""},"categories":[30],"tags":[],"class_list":["post-24937","post","type-post","status-publish","format-standard","has-post-thumbnail","hentry","category-politica"],"_links":{"self":[{"href":"https:\/\/atitudenoticias.com.br\/index.php?rest_route=\/wp\/v2\/posts\/24937","targetHints":{"allow":["GET"]}}],"collection":[{"href":"https:\/\/atitudenoticias.com.br\/index.php?rest_route=\/wp\/v2\/posts"}],"about":[{"href":"https:\/\/atitudenoticias.com.br\/index.php?rest_route=\/wp\/v2\/types\/post"}],"author":[{"embeddable":true,"href":"https:\/\/atitudenoticias.com.br\/index.php?rest_route=\/wp\/v2\/users\/2"}],"replies":[{"embeddable":true,"href":"https:\/\/atitudenoticias.com.br\/index.php?rest_route=%2Fwp%2Fv2%2Fcomments&post=24937"}],"version-history":[{"count":1,"href":"https:\/\/atitudenoticias.com.br\/index.php?rest_route=\/wp\/v2\/posts\/24937\/revisions"}],"predecessor-version":[{"id":24939,"href":"https:\/\/atitudenoticias.com.br\/index.php?rest_route=\/wp\/v2\/posts\/24937\/revisions\/24939"}],"wp:featuredmedia":[{"embeddable":true,"href":"https:\/\/atitudenoticias.com.br\/index.php?rest_route=\/wp\/v2\/media\/24938"}],"wp:attachment":[{"href":"https:\/\/atitudenoticias.com.br\/index.php?rest_route=%2Fwp%2Fv2%2Fmedia&parent=24937"}],"wp:term":[{"taxonomy":"category","embeddable":true,"href":"https:\/\/atitudenoticias.com.br\/index.php?rest_route=%2Fwp%2Fv2%2Fcategories&post=24937"},{"taxonomy":"post_tag","embeddable":true,"href":"https:\/\/atitudenoticias.com.br\/index.php?rest_route=%2Fwp%2Fv2%2Ftags&post=24937"}],"curies":[{"name":"wp","href":"https:\/\/api.w.org\/{rel}","templated":true}]}}