{"id":24940,"date":"2026-05-01T03:05:33","date_gmt":"2026-05-01T06:05:33","guid":{"rendered":"https:\/\/atitudenoticias.com.br\/?p=24940"},"modified":"2026-05-01T03:19:26","modified_gmt":"2026-05-01T06:19:26","slug":"deputado-federal-gabriel-nunes-recebe-titulo-de-cidadao-feirense","status":"publish","type":"post","link":"https:\/\/atitudenoticias.com.br\/?p=24940","title":{"rendered":"Deputado federal Gabriel Nunes recebe T\u00edtulo de Cidad\u00e3o Feirense"},"content":{"rendered":"\n<p><\/p>\n\n\n\n<p>\u201cSer cidad\u00e3o n\u00e3o \u00e9 apenas nascer em um lugar; \u00e9 estar presente e sentir a dor e a alegria do povo como se fossem suas. E isso, deputado, o senhor tem feito com verdade\u201d. A afirma\u00e7\u00e3o \u00e9 do vereador Lulinha da Gente (Uni\u00e3o), autor da homenagem realizada na noite desta quinta-feira (30), na C\u00e2mara Municipal, ao deputado federal Gabriel Nunes (PSD). Ele recebeu o T\u00edtulo de Cidad\u00e3o Feirense ap\u00f3s aprova\u00e7\u00e3o do Projeto de Decreto Legislativo n\u00ba 9\/2025.<\/p>\n\n\n\n<p>Lulinha, em seu discurso, disse ainda que, \u201ccom coragem, compromisso e trabalho\u201d, o homenageado se destaca n\u00e3o apenas por suas a\u00e7\u00f5es em n\u00edvel estadual e federal, mas, principalmente, por sua aten\u00e7\u00e3o \u00e0s necessidades de diversos munic\u00edpios, em especial Feira de Santana. \u201cDesde a \u00e9poca do seu pai, conseguimos caminhar juntos, ajudando a conquistar importantes recursos para a nossa cidade. Quantas vezes j\u00e1 vimos o senhor nos gabinetes da C\u00e2mara Federal, em Bras\u00edlia, buscando benef\u00edcios?\u201d, comentou.<\/p>\n\n\n\n<p>\u201cESSA CIDADE ABRA\u00c7A QUEM AQUI CHEGA\u201d<\/p>\n\n\n\n<p>Para Gabriel Nunes, receber a honraria \u00e9 uma forma de ratificar o seu sentimento de \u201cpertencer a esta terra\u201d. Ele salientou que, desde pequeno, andava pelas ruas de Feira de Santana e criava la\u00e7os com os mun\u00edcipes. \u201cCaminhei por esta cidade como quem caminha pela pr\u00f3pria casa e, assim, fui conhecendo suas necessidades e, tamb\u00e9m, sua for\u00e7a e f\u00e9\u201d, declarou. O deputado federal acrescentou: \u201cFeira abra\u00e7a quem aqui chega. Mas, apesar desse jeito acolhedor, tem uma voca\u00e7\u00e3o empreendedora e uma capacidade de crescimento surpreendentes\u201d.<\/p>\n\n\n\n<p>Relatou, ainda, em sua fala, a hist\u00f3ria da Princesa do Sert\u00e3o, desde as origens ligadas \u00e0 Fazenda Santana dos Olhos D\u2019\u00c1gua at\u00e9 a sua emancipa\u00e7\u00e3o e, consequentemente, a sua transforma\u00e7\u00e3o em uma \u201cgrande metr\u00f3pole regional\u201d. \u201cHoje \u00e9 um dos dias mais especiais em minha vida p\u00fablica, apesar de ainda curta. O carinho do povo feirense faz com que eu aumente, cada vez mais, a minha responsabilidade para retribuir toda essa hospitalidade\u201d, finalizou.<\/p>\n\n\n\n<p>SOBRE O HOMENAGEADO<\/p>\n\n\n\n<p>Gabriel Jos\u00e9 Moura Nunes Soares nasceu em 23 de julho de 1983, em Euclides da Cunha. Formado em Direito pelo Centro Universit\u00e1rio Jorge Amado, o deputado federal tamb\u00e9m \u00e9 empres\u00e1rio, com forma\u00e7\u00e3o em gest\u00e3o empresarial. J\u00e1 foi secret\u00e1rio de Desenvolvimento Urbano da Bahia (Sedur) entre 2017 e 2018 e possui experi\u00eancia em diversas atividades partid\u00e1rias. Em sua trajet\u00f3ria na C\u00e2mara dos Deputados, Gabriel Nunes integrou v\u00e1rias comiss\u00f5es, a exemplo das de Turismo e de Minas e Energia.<\/p>\n\n\n\n<p>MESA DE HONRA<\/p>\n\n\n\n<p>Ao lado de Lulinha da Gente e de Gabriel Nunes, compuseram a Mesa de Honra o prefeito Jos\u00e9 Ronaldo; o presidente da Casa Legislativa, Marcos Lima; e o procurador-geral do Munic\u00edpio, Guga Leal. Estiveram presentes, ainda, diversas autoridades municipais e estaduais, lideran\u00e7as pol\u00edticas e representantes da sociedade civil. Os vereadores Pastor Valdemir (PP), Z\u00e9 Curuca (Uni\u00e3o) e Jurandy Carvalho (PSDB) tamb\u00e9m marcaram presen\u00e7a.<em><strong> (ASCOM\/CMFS)<\/strong><\/em><\/p>\n","protected":false},"excerpt":{"rendered":"<p>\u201cSer cidad\u00e3o n\u00e3o \u00e9 apenas nascer em um lugar; \u00e9 estar presente e sentir a&hellip;<\/p>\n","protected":false},"author":2,"featured_media":24941,"comment_status":"open","ping_status":"open","sticky":false,"template":"","format":"standard","meta":{"footnotes":""},"categories":[30],"tags":[],"class_list":["post-24940","post","type-post","status-publish","format-standard","has-post-thumbnail","hentry","category-politica"],"_links":{"self":[{"href":"https:\/\/atitudenoticias.com.br\/index.php?rest_route=\/wp\/v2\/posts\/24940","targetHints":{"allow":["GET"]}}],"collection":[{"href":"https:\/\/atitudenoticias.com.br\/index.php?rest_route=\/wp\/v2\/posts"}],"about":[{"href":"https:\/\/atitudenoticias.com.br\/index.php?rest_route=\/wp\/v2\/types\/post"}],"author":[{"embeddable":true,"href":"https:\/\/atitudenoticias.com.br\/index.php?rest_route=\/wp\/v2\/users\/2"}],"replies":[{"embeddable":true,"href":"https:\/\/atitudenoticias.com.br\/index.php?rest_route=%2Fwp%2Fv2%2Fcomments&post=24940"}],"version-history":[{"count":2,"href":"https:\/\/atitudenoticias.com.br\/index.php?rest_route=\/wp\/v2\/posts\/24940\/revisions"}],"predecessor-version":[{"id":24944,"href":"https:\/\/atitudenoticias.com.br\/index.php?rest_route=\/wp\/v2\/posts\/24940\/revisions\/24944"}],"wp:featuredmedia":[{"embeddable":true,"href":"https:\/\/atitudenoticias.com.br\/index.php?rest_route=\/wp\/v2\/media\/24941"}],"wp:attachment":[{"href":"https:\/\/atitudenoticias.com.br\/index.php?rest_route=%2Fwp%2Fv2%2Fmedia&parent=24940"}],"wp:term":[{"taxonomy":"category","embeddable":true,"href":"https:\/\/atitudenoticias.com.br\/index.php?rest_route=%2Fwp%2Fv2%2Fcategories&post=24940"},{"taxonomy":"post_tag","embeddable":true,"href":"https:\/\/atitudenoticias.com.br\/index.php?rest_route=%2Fwp%2Fv2%2Ftags&post=24940"}],"curies":[{"name":"wp","href":"https:\/\/api.w.org\/{rel}","templated":true}]}}