{"id":24945,"date":"2026-05-01T02:43:46","date_gmt":"2026-05-01T05:43:46","guid":{"rendered":"https:\/\/atitudenoticias.com.br\/?p=24945"},"modified":"2026-05-01T02:43:47","modified_gmt":"2026-05-01T05:43:47","slug":"feira-registra-geracao-de-empregos-tres-vezes-superior-ao-mesmo-periodo-do-ano-passado","status":"publish","type":"post","link":"https:\/\/atitudenoticias.com.br\/?p=24945","title":{"rendered":"Feira registra gera\u00e7\u00e3o de empregos tr\u00eas vezes superior ao mesmo per\u00edodo do ano passado"},"content":{"rendered":"\n<p class=\"has-text-align-center\"><em><strong>Com saldo positivo de 1.691 postos de trabalho em mar\u00e7o, o munic\u00edpio apresenta crescimento<\/strong><\/em><\/p>\n\n\n\n<p>Feira de Santana consolidou um avan\u00e7o hist\u00f3rico na gera\u00e7\u00e3o de empregos no m\u00eas de mar\u00e7o, de acordo com dados do Novo Cadastro Geral de Empregados e Desempregados (CAGED). O munic\u00edpio registrou um saldo positivo de 1.691 novas vagas, resultado de 7.002 admiss\u00f5es contra 5.311 desligamentos. O desempenho \u00e9 mais de tr\u00eas vezes superior ao saldo registrado em mar\u00e7o de 2025, que foi de 526 postos, evidenciando o aquecimento da economia local.<\/p>\n\n\n\n<p>Diferente do cen\u00e1rio do ano anterior, todos os grandes grupamentos econ\u00f4micos apresentaram crescimento. O setor de Servi\u00e7os liderou as contrata\u00e7\u00f5es com um saldo de 3.277 vagas, seguido pelo&nbsp; Com\u00e9rcio&nbsp; com 1.868,&nbsp; Constru\u00e7\u00e3o com 972 contrata\u00e7\u00f5es, e Ind\u00fastria 872 admiss\u00f5es. O resultado reflete o esfor\u00e7o da administra\u00e7\u00e3o municipal em atrair novos investimentos e fomentar o mercado de trabalho, revertendo \u00edndices que estavam negativos em setores estrat\u00e9gicos no mesmo per\u00edodo do ano passado.<\/p>\n\n\n\n<p><strong>Planejamento Estrat\u00e9gico<\/strong><\/p>\n\n\n\n<p>A secret\u00e1ria municipal de Trabalho, Turismo e Desenvolvimento Econ\u00f4mico (SETTDEC), M\u00e1rcia Ferreira, pontua que os n\u00fameros s\u00e3o fruto de um planejamento focado em resultados. &#8220;Esse crescimento em todos os setores demonstra a confian\u00e7a do setor produtivo em nossa cidade. Estamos trabalhando para manter esse ambiente favor\u00e1vel, desburocratizando processos e apoiando quem gera emprego em Feira de Santana&#8221;, afirma.<\/p>\n\n\n\n<p><strong>Qualifica\u00e7\u00e3o e Oportunidades<\/strong><\/p>\n\n\n\n<p>Para o diretor da Casa do Trabalhador, Magno Felzemburgh, a qualifica\u00e7\u00e3o profissional tem sido o diferencial para que o cidad\u00e3o feirense ocupe essas novas vagas de forma qualificada. &#8220;A Casa do Trabalhador n\u00e3o apenas faz a intermedia\u00e7\u00e3o da m\u00e3o de obra, mas prepara o profissional. Oferecemos cursos gratuitos de qualifica\u00e7\u00e3o para garantir que o trabalhador esteja pronto para as exig\u00eancias desse mercado que n\u00e3o para de crescer&#8221;, destaca o diretor.<\/p>\n\n\n\n<p>As inscri\u00e7\u00f5es para os cursos de qualifica\u00e7\u00e3o gratuita ocorrem periodicamente na sede do \u00f3rg\u00e3o, refor\u00e7ando o compromisso do Governo Municipal com a empregabilidade e a inclus\u00e3o produtiva da popula\u00e7\u00e3o.<em><strong> (SECOM\/PMFS)<\/strong><\/em><\/p>\n","protected":false},"excerpt":{"rendered":"<p>Com saldo positivo de 1.691 postos de trabalho em mar\u00e7o, o munic\u00edpio apresenta crescimento Feira&hellip;<\/p>\n","protected":false},"author":2,"featured_media":23715,"comment_status":"open","ping_status":"open","sticky":false,"template":"","format":"standard","meta":{"footnotes":""},"categories":[33,58],"tags":[],"class_list":["post-24945","post","type-post","status-publish","format-standard","has-post-thumbnail","hentry","category-emprego","category-feira-de-santana"],"_links":{"self":[{"href":"https:\/\/atitudenoticias.com.br\/index.php?rest_route=\/wp\/v2\/posts\/24945","targetHints":{"allow":["GET"]}}],"collection":[{"href":"https:\/\/atitudenoticias.com.br\/index.php?rest_route=\/wp\/v2\/posts"}],"about":[{"href":"https:\/\/atitudenoticias.com.br\/index.php?rest_route=\/wp\/v2\/types\/post"}],"author":[{"embeddable":true,"href":"https:\/\/atitudenoticias.com.br\/index.php?rest_route=\/wp\/v2\/users\/2"}],"replies":[{"embeddable":true,"href":"https:\/\/atitudenoticias.com.br\/index.php?rest_route=%2Fwp%2Fv2%2Fcomments&post=24945"}],"version-history":[{"count":1,"href":"https:\/\/atitudenoticias.com.br\/index.php?rest_route=\/wp\/v2\/posts\/24945\/revisions"}],"predecessor-version":[{"id":24946,"href":"https:\/\/atitudenoticias.com.br\/index.php?rest_route=\/wp\/v2\/posts\/24945\/revisions\/24946"}],"wp:featuredmedia":[{"embeddable":true,"href":"https:\/\/atitudenoticias.com.br\/index.php?rest_route=\/wp\/v2\/media\/23715"}],"wp:attachment":[{"href":"https:\/\/atitudenoticias.com.br\/index.php?rest_route=%2Fwp%2Fv2%2Fmedia&parent=24945"}],"wp:term":[{"taxonomy":"category","embeddable":true,"href":"https:\/\/atitudenoticias.com.br\/index.php?rest_route=%2Fwp%2Fv2%2Fcategories&post=24945"},{"taxonomy":"post_tag","embeddable":true,"href":"https:\/\/atitudenoticias.com.br\/index.php?rest_route=%2Fwp%2Fv2%2Ftags&post=24945"}],"curies":[{"name":"wp","href":"https:\/\/api.w.org\/{rel}","templated":true}]}}