{"id":24950,"date":"2026-05-01T03:03:34","date_gmt":"2026-05-01T06:03:34","guid":{"rendered":"https:\/\/atitudenoticias.com.br\/?p=24950"},"modified":"2026-05-01T03:18:38","modified_gmt":"2026-05-01T06:18:38","slug":"camara-municipal-aprova-distribuicao-gratuita-de-mounjaro-para-jovens","status":"publish","type":"post","link":"https:\/\/atitudenoticias.com.br\/?p=24950","title":{"rendered":"C\u00e2mara Municipal aprova distribui\u00e7\u00e3o gratuita de Mounjaro para jovens"},"content":{"rendered":"\n<p class=\"has-text-align-center\"><em><strong>Projeto foca em crian\u00e7as e adolescentes com diabetes tipo 2 e obesidade; proposta segue para segunda vota\u00e7\u00e3o na Casa<\/strong><\/em><\/p>\n\n\n\n<p class=\"has-text-align-left\"><br>A&nbsp;<strong>C\u00e2mara Municipal de Feira de Santana<\/strong>&nbsp;deu o primeiro passo para incluir o&nbsp;<strong>Mounjaro&nbsp;<\/strong>(tirzepatida), um dos medicamentos mais modernos do mundo para controle metab\u00f3lico, na rede p\u00fablica de sa\u00fade.<\/p>\n\n\n\n<p>O Projeto de Lei, aprovado em primeira vota\u00e7\u00e3o nesta ter\u00e7a-feira, 28, prev\u00ea a\u00a0<strong>distribui\u00e7\u00e3o gratuita<\/strong>\u00a0da subst\u00e2ncia para o tratamento de diabetes tipo 2 e obesidade em crian\u00e7as e adolescentes.<\/p>\n\n\n\n<figure class=\"wp-block-image size-large\"><img fetchpriority=\"high\" decoding=\"async\" width=\"1024\" height=\"687\" src=\"http:\/\/atitudenoticias.com.br\/wp-content\/uploads\/2026\/03\/vereador-Marcos-Lima-Uniao-presidente-da-Camara-Municipal-FSABA-1024x687.jpeg\" alt=\"\" class=\"wp-image-24488\" srcset=\"https:\/\/atitudenoticias.com.br\/wp-content\/uploads\/2026\/03\/vereador-Marcos-Lima-Uniao-presidente-da-Camara-Municipal-FSABA-1024x687.jpeg 1024w, https:\/\/atitudenoticias.com.br\/wp-content\/uploads\/2026\/03\/vereador-Marcos-Lima-Uniao-presidente-da-Camara-Municipal-FSABA-300x201.jpeg 300w, https:\/\/atitudenoticias.com.br\/wp-content\/uploads\/2026\/03\/vereador-Marcos-Lima-Uniao-presidente-da-Camara-Municipal-FSABA-768x515.jpeg 768w, https:\/\/atitudenoticias.com.br\/wp-content\/uploads\/2026\/03\/vereador-Marcos-Lima-Uniao-presidente-da-Camara-Municipal-FSABA-585x392.jpeg 585w, https:\/\/atitudenoticias.com.br\/wp-content\/uploads\/2026\/03\/vereador-Marcos-Lima-Uniao-presidente-da-Camara-Municipal-FSABA-263x175.jpeg 263w, https:\/\/atitudenoticias.com.br\/wp-content\/uploads\/2026\/03\/vereador-Marcos-Lima-Uniao-presidente-da-Camara-Municipal-FSABA.jpeg 1065w\" sizes=\"(max-width: 1024px) 100vw, 1024px\" \/><\/figure>\n\n\n\n<p class=\"has-text-align-left\">De autoria do vereador e presidente da Casa,\u00a0<strong>Marcos Lima<\/strong>\u00a0(Uni\u00e3o Brasil), a proposta foca no p\u00fablico entre 10 e 17 anos. Segundo o texto, o medicamento dever\u00e1 ser utilizado como estrat\u00e9gia complementar, sempre com acompanhamento multiprofissional.<\/p>\n\n\n\n<p class=\"has-text-align-left\">Crit\u00e9rios de atendimento<\/p>\n\n\n\n<p>A aplica\u00e7\u00e3o do rem\u00e9dio, caso a lei seja sancionada, ocorrer\u00e1 exclusivamente nas&nbsp;<strong>Unidades de Sa\u00fade da Fam\u00edlia<\/strong>&nbsp;(USFs), sob supervis\u00e3o de profissionais capacitados. O projeto estabelece que o tratamento deve ser integrado a:<\/p>\n\n\n\n<ul class=\"wp-block-list\">\n<li>Acompanhamento m\u00e9dico e nutricional<\/li>\n\n\n\n<li>Suporte psicol\u00f3gico<\/li>\n\n\n\n<li>Incentivo \u00e0 pr\u00e1tica de atividades f\u00edsicas<\/li>\n<\/ul>\n\n\n\n<p>A\u00a0<strong>Secretaria Municipal de Sa\u00fade<\/strong>\u00a0(SMS) ficar\u00e1 respons\u00e1vel por definir os crit\u00e9rios de elegibilidade dos pacientes, respeitando as diretrizes do\u00a0<strong>Sistema \u00danico de Sa\u00fade<\/strong>\u00a0(SUS) e a viabilidade or\u00e7ament\u00e1ria do munic\u00edpio. <a href=\"https:\/\/atarde.com.br\/saude\/canabidiol-confira-cinco-condicoes-em-que-a-substancia-pode-ajudar-1387175\"><\/a><\/p>\n\n\n\n<p class=\"has-text-align-left\"><strong>Pr\u00f3ximos passos<\/strong>:<\/p>\n\n\n\n<p class=\"has-text-align-left\">Embora aprovada inicialmente, a mat\u00e9ria ainda precisa passar por uma segunda vota\u00e7\u00e3o na C\u00e2mara, prevista para a pr\u00f3xima semana. Se aprovada em definitivo pelos vereadores, a proposta segue para o Executivo, onde poder\u00e1 ser sancionada ou vetada pelo prefeito.<\/p>\n\n\n\n<p class=\"has-text-align-left\">O Mounjaro \u00e9 conhecido por sua alta efic\u00e1cia no controle glic\u00eamico e na redu\u00e7\u00e3o de peso, sendo uma aposta para frear o avan\u00e7o de doen\u00e7as cr\u00f4nicas entre jovens na segunda maior cidade da Bahia. <\/p>\n\n\n\n<p class=\"has-text-align-left\"><strong><em>(Por: Jair Mendon\u00e7a Jr\/ATarde)<\/em><\/strong><\/p>\n\n\n\n<p><\/p>\n\n\n\n<p class=\"has-text-align-left\"><br><\/p>\n","protected":false},"excerpt":{"rendered":"<p>Projeto foca em crian\u00e7as e adolescentes com diabetes tipo 2 e obesidade; proposta segue para&hellip;<\/p>\n","protected":false},"author":2,"featured_media":24951,"comment_status":"open","ping_status":"open","sticky":false,"template":"","format":"standard","meta":{"footnotes":""},"categories":[30,25],"tags":[],"class_list":["post-24950","post","type-post","status-publish","format-standard","has-post-thumbnail","hentry","category-politica","category-saude"],"_links":{"self":[{"href":"https:\/\/atitudenoticias.com.br\/index.php?rest_route=\/wp\/v2\/posts\/24950","targetHints":{"allow":["GET"]}}],"collection":[{"href":"https:\/\/atitudenoticias.com.br\/index.php?rest_route=\/wp\/v2\/posts"}],"about":[{"href":"https:\/\/atitudenoticias.com.br\/index.php?rest_route=\/wp\/v2\/types\/post"}],"author":[{"embeddable":true,"href":"https:\/\/atitudenoticias.com.br\/index.php?rest_route=\/wp\/v2\/users\/2"}],"replies":[{"embeddable":true,"href":"https:\/\/atitudenoticias.com.br\/index.php?rest_route=%2Fwp%2Fv2%2Fcomments&post=24950"}],"version-history":[{"count":1,"href":"https:\/\/atitudenoticias.com.br\/index.php?rest_route=\/wp\/v2\/posts\/24950\/revisions"}],"predecessor-version":[{"id":24952,"href":"https:\/\/atitudenoticias.com.br\/index.php?rest_route=\/wp\/v2\/posts\/24950\/revisions\/24952"}],"wp:featuredmedia":[{"embeddable":true,"href":"https:\/\/atitudenoticias.com.br\/index.php?rest_route=\/wp\/v2\/media\/24951"}],"wp:attachment":[{"href":"https:\/\/atitudenoticias.com.br\/index.php?rest_route=%2Fwp%2Fv2%2Fmedia&parent=24950"}],"wp:term":[{"taxonomy":"category","embeddable":true,"href":"https:\/\/atitudenoticias.com.br\/index.php?rest_route=%2Fwp%2Fv2%2Fcategories&post=24950"},{"taxonomy":"post_tag","embeddable":true,"href":"https:\/\/atitudenoticias.com.br\/index.php?rest_route=%2Fwp%2Fv2%2Ftags&post=24950"}],"curies":[{"name":"wp","href":"https:\/\/api.w.org\/{rel}","templated":true}]}}