{"id":24956,"date":"2026-05-01T00:17:21","date_gmt":"2026-05-01T03:17:21","guid":{"rendered":"https:\/\/atitudenoticias.com.br\/?p=24956"},"modified":"2026-05-01T03:18:09","modified_gmt":"2026-05-01T06:18:09","slug":"instituicoes-repudiam-agressao-a-reporter-heloisa-vilella-na-camara","status":"publish","type":"post","link":"https:\/\/atitudenoticias.com.br\/?p=24956","title":{"rendered":"Institui\u00e7\u00f5es repudiam agress\u00e3o \u00e0 rep\u00f3rter Helo\u00edsa Vilella na C\u00e2mara"},"content":{"rendered":"\n<p class=\"has-text-align-center\"><strong><em>Jornalista foi interrompida durante transmiss\u00e3o ao vivo<\/em><\/strong><\/p>\n\n\n\n<p>A Federa\u00e7\u00e3o Nacional de Jornalistas (Fenaj) e o&nbsp;Sindicato de Jornalistas Profissionais do Distrito Federal (SJPDF) manifestaram rep\u00fadio \u00e0 agress\u00e3o sofrida pela rep\u00f3rter Helo\u00edsa Vilella, do ve\u00edculo ICL Not\u00edcias, no Sal\u00e3o Verde da C\u00e2mara dos Deputados, na manh\u00e3 desta quinta-feira (30).<img decoding=\"async\" src=\"https:\/\/agenciabrasil.ebc.com.br\/ebc.png?id=1688030&amp;o=node\"><img decoding=\"async\" src=\"https:\/\/agenciabrasil.ebc.com.br\/ebc.gif?id=1688030&amp;o=node\"><\/p>\n\n\n\n<p>Durante uma transmiss\u00e3o ao vivo, uma militante bolsonarista interrompeu a rep\u00f3rter, \u201cdesrespeitando n\u00e3o apenas a profissional, mas toda a imprensa livre\u201d.<\/p>\n\n\n\n<p>O SJPDF e a FENAJ defenderam Helo\u00edsa Vilella: \u201cJornalista de trajet\u00f3ria exemplar: correspondente internacional por quase duas d\u00e9cadas nos Estados Unidos, cobrindo os atentados de 11 de setembro de 2001, o furac\u00e3o Katrina, o terremoto do Haiti, elei\u00e7\u00f5es presidenciais americanas e, recentemente, o conflito na Cisjord\u00e2nia.&#8221;<\/p>\n\n\n\n<blockquote class=\"wp-block-quote is-layout-flow wp-block-quote-is-layout-flow\">\n<p>&#8220;Sua compet\u00eancia e coragem sempre foram marcas de uma carreira dedicada \u00e0 verdade.\u201d<\/p>\n<\/blockquote>\n\n\n\n<p>Helo\u00edsa foi v\u00edtima de outros ataques anteriores, lembraram as institui\u00e7\u00f5es. Em 2022, em Nova York, foi hostilizada por um bolsonarista que gritou \u201cLixo! Lixo!\u201d durante sua transmiss\u00e3o ao vivo da Assembleia Geral da Organiza\u00e7\u00e3o das Na\u00e7\u00f5es Unidas (ONU).<\/p>\n\n\n\n<p>Em 2024, foi alvo de campanha de \u00f3dio e misoginia orquestrada por aliados do bolsonarismo ap\u00f3s defender a colega Juliana Dal Piva.<\/p>\n\n\n\n<p>\u201cRepudiamos com for\u00e7a esse novo epis\u00f3dio de viol\u00eancia contra a imprensa. Exigimos das autoridades da C\u00e2mara dos Deputados e das for\u00e7as de seguran\u00e7a a imediata identifica\u00e7\u00e3o e responsabiliza\u00e7\u00e3o da agressora.\u201d diz nota das institui\u00e7\u00f5es.<\/p>\n\n\n\n<p>As organiza\u00e7\u00f5es sindicais se solidarizaram com a jornalista, colocando-se \u00e0 disposi\u00e7\u00e3o de Helo\u00edsa Vilella no que for necess\u00e1rio.<\/p>\n\n\n\n<p>\u201cA liberdade de imprensa n\u00e3o se negocia \u2013 e jornalista agredida \u00e9 democracia ferida\u201d, destacaram o SJPDF e a FENAJ. <strong><em>(EBC)<\/em><\/strong><\/p>\n","protected":false},"excerpt":{"rendered":"<p>Jornalista foi interrompida durante transmiss\u00e3o ao vivo A Federa\u00e7\u00e3o Nacional de Jornalistas (Fenaj) e o&nbsp;Sindicato&hellip;<\/p>\n","protected":false},"author":2,"featured_media":24957,"comment_status":"open","ping_status":"open","sticky":false,"template":"","format":"standard","meta":{"footnotes":""},"categories":[20,32],"tags":[],"class_list":["post-24956","post","type-post","status-publish","format-standard","has-post-thumbnail","hentry","category-brasil","category-radio-e-tv"],"_links":{"self":[{"href":"https:\/\/atitudenoticias.com.br\/index.php?rest_route=\/wp\/v2\/posts\/24956","targetHints":{"allow":["GET"]}}],"collection":[{"href":"https:\/\/atitudenoticias.com.br\/index.php?rest_route=\/wp\/v2\/posts"}],"about":[{"href":"https:\/\/atitudenoticias.com.br\/index.php?rest_route=\/wp\/v2\/types\/post"}],"author":[{"embeddable":true,"href":"https:\/\/atitudenoticias.com.br\/index.php?rest_route=\/wp\/v2\/users\/2"}],"replies":[{"embeddable":true,"href":"https:\/\/atitudenoticias.com.br\/index.php?rest_route=%2Fwp%2Fv2%2Fcomments&post=24956"}],"version-history":[{"count":1,"href":"https:\/\/atitudenoticias.com.br\/index.php?rest_route=\/wp\/v2\/posts\/24956\/revisions"}],"predecessor-version":[{"id":24958,"href":"https:\/\/atitudenoticias.com.br\/index.php?rest_route=\/wp\/v2\/posts\/24956\/revisions\/24958"}],"wp:featuredmedia":[{"embeddable":true,"href":"https:\/\/atitudenoticias.com.br\/index.php?rest_route=\/wp\/v2\/media\/24957"}],"wp:attachment":[{"href":"https:\/\/atitudenoticias.com.br\/index.php?rest_route=%2Fwp%2Fv2%2Fmedia&parent=24956"}],"wp:term":[{"taxonomy":"category","embeddable":true,"href":"https:\/\/atitudenoticias.com.br\/index.php?rest_route=%2Fwp%2Fv2%2Fcategories&post=24956"},{"taxonomy":"post_tag","embeddable":true,"href":"https:\/\/atitudenoticias.com.br\/index.php?rest_route=%2Fwp%2Fv2%2Ftags&post=24956"}],"curies":[{"name":"wp","href":"https:\/\/api.w.org\/{rel}","templated":true}]}}