{"id":24963,"date":"2026-05-01T19:10:04","date_gmt":"2026-05-01T22:10:04","guid":{"rendered":"https:\/\/atitudenoticias.com.br\/?p=24963"},"modified":"2026-05-01T19:34:04","modified_gmt":"2026-05-01T22:34:04","slug":"o-voto-nao-tem-preco-tem-consequencias","status":"publish","type":"post","link":"https:\/\/atitudenoticias.com.br\/?p=24963","title":{"rendered":"O voto n\u00e3o tem pre\u00e7o. Tem consequ\u00eancias!"},"content":{"rendered":"\n<p class=\"has-text-align-center\"><strong><em>A participa\u00e7\u00e3o respons\u00e1vel na constru\u00e7\u00e3o da sociedade \u00e9 tarefa permanente que desafia a todos<\/em><\/strong><\/p>\n\n\n\n<p>No final da 62\u00aa Assembleia Geral da Confer\u00eancia Nacional dos Bispos do Brasil (CNBB), dia 24 de abril, foi publicada uma importante Mensagem ao Povo Brasileiro, refletindo sobre a realidade social do Pa\u00eds, \u00e0 luz de crit\u00e9rios \u00e9ticos e evang\u00e9licos fundamentais. Na Mensagem, os bispos cat\u00f3licos do Brasil inclu\u00edram uma especial refer\u00eancia ao processo pol\u00edtico-eleitoral brasileiro, assim afirmando: \u201cEm um ano eleitoral, o Brasil necessita ainda mais, do di\u00e1logo paciente, esp\u00edrito p\u00fablico e compromisso com o que \u00e9 mais importante para a vida do povo.<\/p>\n\n\n\n<p>Em outubro deste ano, encorajamos o povo brasileiro a participar efetivamente da festa da democracia e exercitar conscientemente a cidadania como o melhor mecanismo para a solu\u00e7\u00e3o dos desafios nacionais. Importam tanto as elei\u00e7\u00f5es para o Poder Executivo como para o Poder Legislativo, especialmente diante da necessidade de um parlamento que enfrente as causas estruturais da pobreza e crie condi\u00e7\u00f5es de uma educa\u00e7\u00e3o de qualidade, de moradia digna e de acesso \u00e0 sa\u00fade para todos. \u00c9 importante combater a compra e a\u00a0venda\u00a0de votos. Como sabemos, \u201co voto n\u00e3o tem pre\u00e7o, tem consequ\u00eancias\u201d. \u00c9 fundamental escolher bem os candidatos, com propostas concretas a servi\u00e7o dos mais vulner\u00e1veis, da justi\u00e7a socioambiental e da vida. Da mesma forma, em tempos eleitorais, a rela\u00e7\u00e3o entre religi\u00e3o e pol\u00edtica deve respeitar as diferen\u00e7as entre ambas e impedir qualquer instrumentaliza\u00e7\u00e3o. A liberdade religiosa sofre quando s\u00e3o atacadas as tradi\u00e7\u00f5es religiosas\u201d.<\/p>\n\n\n\n<p id=\"paragrafo-mw6dse4ijk\">Este longo par\u00e1grafo sobre as elei\u00e7\u00f5es, se conclui com um importante alerta situando o per\u00edodo eleitoral nas novas condi\u00e7\u00f5es em que se desenvolve o debate pol\u00edtico. \u201cNeste contexto, torna-se urgente proteger a verdade dos fatos, a integridade do debate p\u00fablico e a legitimidade do processo eleitoral, especialmente diante da dissemina\u00e7\u00e3o organizada de desinforma\u00e7\u00e3o, da manipula\u00e7\u00e3o do medo, dos discursos de \u00f3dio, do uso abusivo de novas tecnologias e dos recursos da intelig\u00eancia artificial. A corros\u00e3o da conviv\u00eancia democr\u00e1tica enfraquece a sociedade e fere a verdade. Por isso, renovamos nosso apelo \u00e0 caridade e \u00e0 \u00e9tica, especialmente no campo da comunica\u00e7\u00e3o\u201d.<\/p>\n\n\n\n<p id=\"paragrafo-hejs64hxv2\">Esta Mensagem, embora dirigida a todo o povo brasileiro, interpela os crist\u00e3os e, de modo particular, os cat\u00f3licos. Um dos maiores desafios para o Cristianismo no mundo de hoje \u00e9 a presen\u00e7a efetiva dos crist\u00e3os na sociedade, assumindo com responsabilidade e coer\u00eancia a vida pol\u00edtica, econ\u00f4mica e cultural. \u201cSal da terra\u201d e \u201cLuz do mundo\u201d s\u00e3o express\u00f5es empregadas por Jesus, para definir, com forte simbolismo, o ser e o agir dos crist\u00e3os no mundo. A participa\u00e7\u00e3o respons\u00e1vel na constru\u00e7\u00e3o da sociedade \u00e9 tarefa permanente que desafia a todos, pol\u00edticos e eleitores. O caminho a ser percorrido se faz com passos incans\u00e1veis de fraternidade, de di\u00e1logo e de paz.<\/p>\n\n\n\n<p id=\"paragrafo-zypjazow9c\"><strong><em>Dom Sergio da Rocha, cardeal arcebispo de Salvador e primaz&nbsp;do Brasil<\/em><\/strong><\/p>\n","protected":false},"excerpt":{"rendered":"<p>A participa\u00e7\u00e3o respons\u00e1vel na constru\u00e7\u00e3o da sociedade \u00e9 tarefa permanente que desafia a todos No&hellip;<\/p>\n","protected":false},"author":2,"featured_media":24964,"comment_status":"open","ping_status":"open","sticky":false,"template":"","format":"standard","meta":{"footnotes":""},"categories":[91,27,70],"tags":[],"class_list":["post-24963","post","type-post","status-publish","format-standard","has-post-thumbnail","hentry","category-artigo","category-eleicoes","category-religiao"],"_links":{"self":[{"href":"https:\/\/atitudenoticias.com.br\/index.php?rest_route=\/wp\/v2\/posts\/24963","targetHints":{"allow":["GET"]}}],"collection":[{"href":"https:\/\/atitudenoticias.com.br\/index.php?rest_route=\/wp\/v2\/posts"}],"about":[{"href":"https:\/\/atitudenoticias.com.br\/index.php?rest_route=\/wp\/v2\/types\/post"}],"author":[{"embeddable":true,"href":"https:\/\/atitudenoticias.com.br\/index.php?rest_route=\/wp\/v2\/users\/2"}],"replies":[{"embeddable":true,"href":"https:\/\/atitudenoticias.com.br\/index.php?rest_route=%2Fwp%2Fv2%2Fcomments&post=24963"}],"version-history":[{"count":1,"href":"https:\/\/atitudenoticias.com.br\/index.php?rest_route=\/wp\/v2\/posts\/24963\/revisions"}],"predecessor-version":[{"id":24965,"href":"https:\/\/atitudenoticias.com.br\/index.php?rest_route=\/wp\/v2\/posts\/24963\/revisions\/24965"}],"wp:featuredmedia":[{"embeddable":true,"href":"https:\/\/atitudenoticias.com.br\/index.php?rest_route=\/wp\/v2\/media\/24964"}],"wp:attachment":[{"href":"https:\/\/atitudenoticias.com.br\/index.php?rest_route=%2Fwp%2Fv2%2Fmedia&parent=24963"}],"wp:term":[{"taxonomy":"category","embeddable":true,"href":"https:\/\/atitudenoticias.com.br\/index.php?rest_route=%2Fwp%2Fv2%2Fcategories&post=24963"},{"taxonomy":"post_tag","embeddable":true,"href":"https:\/\/atitudenoticias.com.br\/index.php?rest_route=%2Fwp%2Fv2%2Ftags&post=24963"}],"curies":[{"name":"wp","href":"https:\/\/api.w.org\/{rel}","templated":true}]}}