{"id":24974,"date":"2026-05-01T18:30:44","date_gmt":"2026-05-01T21:30:44","guid":{"rendered":"https:\/\/atitudenoticias.com.br\/?p=24974"},"modified":"2026-05-01T19:33:37","modified_gmt":"2026-05-01T22:33:37","slug":"atlasintel-revela-que-apenas-1-em-cada-10-familias-no-brasil-guarda-dinheiro","status":"publish","type":"post","link":"https:\/\/atitudenoticias.com.br\/?p=24974","title":{"rendered":"AtlasIntel revela que apenas 1 em cada 10 fam\u00edlias no Brasil guarda dinheiro"},"content":{"rendered":"\n<p class=\"has-text-align-center\"><em><strong>Governo aposta em nova fase do Desenrola para aliviar press\u00e3o financeira<\/strong><\/em><\/p>\n\n\n\n<p>A\u00a0<strong>sa\u00fade financeira\u00a0<\/strong>do brasileiro m\u00e9dio atravessa um per\u00edodo de forte turbul\u00eancia. De acordo com o mais recente levantamento da<strong><em> AtlasIntel, <\/em><\/strong>em parceria com a Bloomberg, o endividamento se tornou uma realidade persistente para a maioria da popula\u00e7\u00e3o:\u00a0<strong>62% dos entrevistados afirmam possuir d\u00edvidas ativas.<\/strong><\/p>\n\n\n\n<p>O dado mais alarmante da pesquisa, contudo, n\u00e3o \u00e9 apenas a exist\u00eancia do d\u00e9bito, mas a dificuldade cr\u00f4nica em fechar o m\u00eas no azul. Nos \u00faltimos 12 meses, apenas 10,4% dos brasileiros afirmaram ter conseguido guardar dinheiro com regularidade. No extremo oposto, 40,2% relataram que o dinheiro faltou para pagar as contas b\u00e1sicas em alguns ou na maioria dos meses do \u00faltimo ano. <\/p>\n\n\n\n<h2 class=\"wp-block-heading\">Custo da sobreviv\u00eancia<\/h2>\n\n\n\n<p>Diferente de crises anteriores impulsionadas pelo consumo de bens dur\u00e1veis, o endividamento atual tem ra\u00edzes na manuten\u00e7\u00e3o da vida cotidiana.<\/p>\n\n\n\n<p>A gravidade do comprometimento da renda impressiona. Entre aqueles que possuem d\u00edvidas, 38,8% afirmam que mais da metade do sal\u00e1rio mensal (50%+) \u00e9 consumida pelo pagamento de d\u00e9bitos, o que reduz drasticamente o poder de consumo e a capacidade de rea\u00e7\u00e3o diante de imprevistos econ\u00f4micos.<\/p>\n\n\n\n<p>Ainda com base nos dados da pesquisa, a situa\u00e7\u00e3o das d\u00edvidas e do endividamento das fam\u00edlias brasileiras apresenta que, atualmente, a maior parte da popula\u00e7\u00e3o adulta brasileira possui algum n\u00edvel de endividamento:<\/p>\n\n\n\n<ul class=\"wp-block-list\">\n<li>31,6% dos entrevistados afirmam estar com o &#8220;nome sujo&#8221; (negativados em \u00f3rg\u00e3os como SPC\/Serasa)<\/li>\n\n\n\n<li>30,4% possuem d\u00edvidas, mas est\u00e3o com os pagamentos em dia<\/li>\n\n\n\n<li>37,9% declaram n\u00e3o possuir d\u00edvidas no nome<\/li>\n<\/ul>\n\n\n\n<p>Entre os que possuem d\u00edvidas, o comprometimento da renda \u00e9 severo: 38,8% afirmam que mais de 50% da renda mensal \u00e9 destinada ao pagamento de parcelas, empr\u00e9stimos ou cheque especial.<a href=\"https:\/\/atarde.com.br\/municipios\/contratacao-de-r-15-milhoes-e-barrada-em-prefeitura-baiana-1384867\"><\/a><\/p>\n\n\n\n<h2 class=\"wp-block-heading\">Origem das d\u00edvidas<\/h2>\n\n\n\n<p>A maioria das d\u00edvidas contra\u00eddas pelos brasileiros est\u00e1 ligada \u00e0 sobreviv\u00eancia e ao consumo b\u00e1sico, e n\u00e3o necessariamente \u00e0 aquisi\u00e7\u00e3o de patrim\u00f4nio:<\/p>\n\n\n\n<ul class=\"wp-block-list\">\n<li>62,3% das d\u00edvidas est\u00e3o relacionadas a despesas essenciais (contas, supermercado, sa\u00fade)<\/li>\n\n\n\n<li>18,5% referem-se a consumo (compras parceladas, roupas, bens dur\u00e1veis)<\/li>\n\n\n\n<li>Apenas 11,4% s\u00e3o voltadas para a aquisi\u00e7\u00e3o de patrim\u00f4nio ou investimento (im\u00f3veis, ve\u00edculos, educa\u00e7\u00e3o)<\/li>\n<\/ul>\n\n\n\n<p>As &#8220;d\u00edvidas acumuladas \/ juros altos&#8221; s\u00e3o o segundo fator que mais impacta negativamente a situa\u00e7\u00e3o financeira das fam\u00edlias brasileiras (33,5%), o que faz ficar atr\u00e1s apenas do aumento do pre\u00e7o dos alimentos<\/p>\n\n\n\n<h2 class=\"wp-block-heading\">Novo Desenrola<\/h2>\n\n\n\n<p>Diante desse cen\u00e1rio de asfixia financeira, o governo federal prepara uma resposta estrat\u00e9gica. Est\u00e1 previsto para esta semana o an\u00fancio de uma nova etapa do Programa Desenrola, focado em ampliar o alcance das renegocia\u00e7\u00f5es e facilitar a sa\u00edda de milh\u00f5es de brasileiros do cadastro de inadimplentes.<\/p>\n\n\n\n<p>A efici\u00eancia do programa vai ser medida pela capacidade de atingir justamente a parcela da popula\u00e7\u00e3o que comprometeu a renda com o b\u00e1sico.<\/p>\n\n\n\n<p>O Programa de renegocia\u00e7\u00e3o de d\u00edvidas <strong><em>(Desenrola)<\/em><\/strong> \u00e9 visto de forma muito positiva pela popula\u00e7\u00e3o. \u00c9 considerado um acerto do governo por 74% dos entrevistados, apresentando um saldo de aprova\u00e7\u00e3o de +57 pontos percentuais<\/p>\n\n\n\n<p>O levantamento\u00a0<strong>AtlasIntel\/Latam Pulse<\/strong>\u00a0entrevistou, por Recrutamento Digital Aleat\u00f3rio (RDR), 5.008 pessoas, entre os dias 22 e 27 de abril. A margem de erro \u00e9 de +-1 (um ponto percentual) para mais ou para menos, e o n\u00edvel de confian\u00e7a \u00e9 de 95%. <em><strong>(ATarde)<\/strong><\/em><\/p>\n","protected":false},"excerpt":{"rendered":"<p>Governo aposta em nova fase do Desenrola para aliviar press\u00e3o financeira A\u00a0sa\u00fade financeira\u00a0do brasileiro m\u00e9dio&hellip;<\/p>\n","protected":false},"author":2,"featured_media":7511,"comment_status":"open","ping_status":"open","sticky":false,"template":"","format":"standard","meta":{"footnotes":""},"categories":[56],"tags":[],"class_list":["post-24974","post","type-post","status-publish","format-standard","has-post-thumbnail","hentry","category-economia"],"_links":{"self":[{"href":"https:\/\/atitudenoticias.com.br\/index.php?rest_route=\/wp\/v2\/posts\/24974","targetHints":{"allow":["GET"]}}],"collection":[{"href":"https:\/\/atitudenoticias.com.br\/index.php?rest_route=\/wp\/v2\/posts"}],"about":[{"href":"https:\/\/atitudenoticias.com.br\/index.php?rest_route=\/wp\/v2\/types\/post"}],"author":[{"embeddable":true,"href":"https:\/\/atitudenoticias.com.br\/index.php?rest_route=\/wp\/v2\/users\/2"}],"replies":[{"embeddable":true,"href":"https:\/\/atitudenoticias.com.br\/index.php?rest_route=%2Fwp%2Fv2%2Fcomments&post=24974"}],"version-history":[{"count":2,"href":"https:\/\/atitudenoticias.com.br\/index.php?rest_route=\/wp\/v2\/posts\/24974\/revisions"}],"predecessor-version":[{"id":24977,"href":"https:\/\/atitudenoticias.com.br\/index.php?rest_route=\/wp\/v2\/posts\/24974\/revisions\/24977"}],"wp:featuredmedia":[{"embeddable":true,"href":"https:\/\/atitudenoticias.com.br\/index.php?rest_route=\/wp\/v2\/media\/7511"}],"wp:attachment":[{"href":"https:\/\/atitudenoticias.com.br\/index.php?rest_route=%2Fwp%2Fv2%2Fmedia&parent=24974"}],"wp:term":[{"taxonomy":"category","embeddable":true,"href":"https:\/\/atitudenoticias.com.br\/index.php?rest_route=%2Fwp%2Fv2%2Fcategories&post=24974"},{"taxonomy":"post_tag","embeddable":true,"href":"https:\/\/atitudenoticias.com.br\/index.php?rest_route=%2Fwp%2Fv2%2Ftags&post=24974"}],"curies":[{"name":"wp","href":"https:\/\/api.w.org\/{rel}","templated":true}]}}