{"id":2519,"date":"2022-06-20T17:10:13","date_gmt":"2022-06-20T17:10:13","guid":{"rendered":"http:\/\/atitudenoticias.com.br\/?p=2519"},"modified":"2022-06-20T17:12:14","modified_gmt":"2022-06-20T17:12:14","slug":"prf-apreende-drogas-fuzil-e-submetralhadoras-que-seriam-entregues-em-feira-de-santana","status":"publish","type":"post","link":"https:\/\/atitudenoticias.com.br\/?p=2519","title":{"rendered":"PRF apreende drogas, fuzil e submetralhadoras que seriam entregues em Feira de Santana"},"content":{"rendered":"\n<p class=\"wp-block-paragraph\">A Pol\u00edcia Rodovi\u00e1ria Federal (PRF) apreendeu no in\u00edcio da noite de domingo (19), um fuzil calibre 7,62; duas submetralhadoras calibre .40; 943 comprimidos de ecstasy; 64 kg de coca\u00edna; 1.972 kg de maconha; 9 kg de skank al\u00e9m de 12 kg de crack.<\/p>\n\n\n\n<p class=\"wp-block-paragraph\">O material seria entregue em Feira de Santana e a apreens\u00e3o ocorreu no munic\u00edpio baiano de Iramaia. De acordo com a pol\u00edcia, cinco pessoas foram presas.<\/p>\n\n\n\n<p class=\"wp-block-paragraph\">A apreens\u00e3o ocorreu em a\u00e7\u00e3o conjunta entre a Pol\u00edcia Militar (Cipe Central) e policiais rodovi\u00e1rios federais durante abordagem a um Jeep\/Renegade e um caminh\u00e3o que se encontravam no p\u00e1tio de um posto de combust\u00edvel, em Iramaia.<\/p>\n\n\n\n<p class=\"wp-block-paragraph\">Durante os procedimentos os policiais perceberam um nervosismo incomum por parte dos ocupantes, como tamb\u00e9m respostas desencontradas em rela\u00e7\u00e3o ao destino e motivo da viagem, o que levou a equipe a aprofundar a fiscaliza\u00e7\u00e3o e acabara encontrando um verdadeiro arsenal que estava escondido no caminh\u00e3o.<\/p>\n\n\n\n<p class=\"wp-block-paragraph\">Aos policiais, o motorista disse que saiu com a carga de S\u00e3o Paulo.<\/p>\n\n\n\n<p class=\"wp-block-paragraph\">Resultado de altera\u00e7\u00f5es gen\u00e9ticas, o skank \u00e9 uma droga produzida em laborat\u00f3rio feita atrav\u00e9s de v\u00e1rios cruzamentos de tipos de maconha, chegando a ser considerada como uma \u201csuper maconha\u201d.<\/p>\n\n\n\n<p class=\"wp-block-paragraph\">Com mais essa apreens\u00e3o, o preju\u00edzo causado ao crime organizado foi superior a 16 milh\u00f5es de reais, segundo a PRF.<\/p>\n\n\n\n<p class=\"wp-block-paragraph\">Diante dos fatos, foi dada a voz de pris\u00e3o aos cinco homens envolvidos na ocorr\u00eancia e eles foram encaminhados com todo material apreendido \u00e0 Delegacia da Pol\u00edcia Judici\u00e1ria, para lavratura do flagrante, pelos crimes de tr\u00e1fico de drogas (art. 33 da lei de t\u00f3xicos) e com\u00e9rcio ilegal de arma de fogo (art. 17 do estatuto do desarmamento).<\/p>\n\n\n\n<p class=\"wp-block-paragraph\"><strong>Vit\u00f3ria da Conquista<\/strong><\/p>\n\n\n\n<p class=\"wp-block-paragraph\">Na madrugada do dia de ontem (18), a PRF apreendeu um casal que transportava pistolas, carregadores, muni\u00e7\u00f5es e drogas no sudoeste da Bahia, na cidade de Vit\u00f3ria da Conquista. Na ocasi\u00e3o foram apreendidos 250 muni\u00e7\u00f5es; 09 armas de fogo de origem estrangeira; 13 carregadores para muni\u00e7\u00e3o e mais de 11 Kg de drogas. Preju\u00edzo para o crime organizado foi superior a R$ 1,5 milh\u00e3o. (Com informa\u00e7\u00f5es PRF)<\/p>\n","protected":false},"excerpt":{"rendered":"<p>A Pol\u00edcia Rodovi\u00e1ria Federal (PRF) apreendeu no in\u00edcio da noite de domingo (19), um fuzil&hellip;<\/p>\n","protected":false},"author":2,"featured_media":2520,"comment_status":"open","ping_status":"open","sticky":false,"template":"","format":"standard","meta":{"footnotes":""},"categories":[58,66,60],"tags":[],"class_list":["post-2519","post","type-post","status-publish","format-standard","has-post-thumbnail","hentry","category-feira-de-santana","category-municipios","category-policia"],"_links":{"self":[{"href":"https:\/\/atitudenoticias.com.br\/index.php?rest_route=\/wp\/v2\/posts\/2519","targetHints":{"allow":["GET"]}}],"collection":[{"href":"https:\/\/atitudenoticias.com.br\/index.php?rest_route=\/wp\/v2\/posts"}],"about":[{"href":"https:\/\/atitudenoticias.com.br\/index.php?rest_route=\/wp\/v2\/types\/post"}],"author":[{"embeddable":true,"href":"https:\/\/atitudenoticias.com.br\/index.php?rest_route=\/wp\/v2\/users\/2"}],"replies":[{"embeddable":true,"href":"https:\/\/atitudenoticias.com.br\/index.php?rest_route=%2Fwp%2Fv2%2Fcomments&post=2519"}],"version-history":[{"count":1,"href":"https:\/\/atitudenoticias.com.br\/index.php?rest_route=\/wp\/v2\/posts\/2519\/revisions"}],"predecessor-version":[{"id":2521,"href":"https:\/\/atitudenoticias.com.br\/index.php?rest_route=\/wp\/v2\/posts\/2519\/revisions\/2521"}],"wp:featuredmedia":[{"embeddable":true,"href":"https:\/\/atitudenoticias.com.br\/index.php?rest_route=\/wp\/v2\/media\/2520"}],"wp:attachment":[{"href":"https:\/\/atitudenoticias.com.br\/index.php?rest_route=%2Fwp%2Fv2%2Fmedia&parent=2519"}],"wp:term":[{"taxonomy":"category","embeddable":true,"href":"https:\/\/atitudenoticias.com.br\/index.php?rest_route=%2Fwp%2Fv2%2Fcategories&post=2519"},{"taxonomy":"post_tag","embeddable":true,"href":"https:\/\/atitudenoticias.com.br\/index.php?rest_route=%2Fwp%2Fv2%2Ftags&post=2519"}],"curies":[{"name":"wp","href":"https:\/\/api.w.org\/{rel}","templated":true}]}}