{"id":2551,"date":"2022-06-21T01:01:34","date_gmt":"2022-06-21T01:01:34","guid":{"rendered":"http:\/\/atitudenoticias.com.br\/?p=2551"},"modified":"2022-06-21T01:03:54","modified_gmt":"2022-06-21T01:03:54","slug":"feira-ganhara-sete-novos-centro-municipais-de-educacao-infantil","status":"publish","type":"post","link":"https:\/\/atitudenoticias.com.br\/?p=2551","title":{"rendered":"Feira ganhar\u00e1 sete novos Centro Municipais de Educa\u00e7\u00e3o Infantil"},"content":{"rendered":"\n<p class=\"has-medium-font-size wp-block-paragraph\"><em><strong>Reformas e interven\u00e7\u00f5es de grande porte fazem parte do pacote de obras da Educa\u00e7\u00e3o<\/strong><\/em><\/p>\n\n\n\n<p class=\"wp-block-paragraph\">A oferta de vagas para a Educa\u00e7\u00e3o Infantil (2 a 5 anos) ser\u00e1 ampliada em Feira de Santana, com a previs\u00e3o de mais de mil novas matr\u00edculas. S\u00e3o cinco novos Centros de Educa\u00e7\u00e3o Infantil (CMEI), duas unidades CMEI\/Pr\u00e9-Escola completamente reconstru\u00eddas e mais dois CMEIS que est\u00e3o prontos e ser\u00e3o inaugurados em breve.<\/p>\n\n\n\n<p class=\"wp-block-paragraph\">As unidades de ensino ficam em bairros que tiveram crescimento populacional e existe uma grande demanda neste segmento educacional, inclusive algumas unidades s\u00e3o localizadas em grandes conjuntos do programa \u201cMinha Casa, Minha Vida\u201d.&nbsp;<\/p>\n\n\n\n<p class=\"wp-block-paragraph\">Quatro destas creches utilizam recursos pr\u00f3prios do munic\u00edpio, assim como as duas unidades que ser\u00e3o reconstru\u00eddas. As demais unidades de ensino disp\u00f5e de recursos do Fundo Nacional de Desenvolvimento da Educa\u00e7\u00e3o (FNDE), atrav\u00e9s do programa ProInf\u00e2ncia.<\/p>\n\n\n\n<p class=\"wp-block-paragraph\">Dois dos novos CMEIS, que utilizam verba do munic\u00edpio, est\u00e3o em constru\u00e7\u00e3o nos bairros Gabriela e na Asa Branca.&nbsp;Outras duas unidades escolares, no bairro Campo do Gado Novo e Avi\u00e1rio, tiveram as obras finalizadas recentemente e ser\u00e3o inauguradas nos pr\u00f3ximos dias.<\/p>\n\n\n\n<p class=\"wp-block-paragraph\">As obras de dois centros de Educa\u00e7\u00e3o Infantil que utilizam recursos federais, nos bairros Asa Branca e Avi\u00e1rio, est\u00e3o paralisadas temporariamente por quest\u00f5es administrativas. J\u00e1 a reforma do CMEI, que fica no bairro S\u00edtio Matias, est\u00e1 em processo licitat\u00f3rio.<\/p>\n\n\n\n<p class=\"wp-block-paragraph\">De forma geral, o projeto de todas as unidades disp\u00f5e de salas de aula, p\u00e1tio coberto, frald\u00e1rio, refeit\u00f3rio, \u00e1rea administrativa, sala multiuso, parque infantil, almoxarifado e sanit\u00e1rios adaptados para pessoas com defici\u00eancia.<\/p>\n\n\n\n<p class=\"wp-block-paragraph\">J\u00e1 as unidades que est\u00e3o sendo reconstru\u00eddas, a Pr\u00e9-Escola Municipal Jo\u00e3o Serafim de Lima (Parque Ip\u00ea) e Centro Municipal de Educa\u00e7\u00e3o Infantil Professor Manoel de Christo Planzo (Campo do Gado Novo), ter\u00e3o suas \u00e1reas ampliadas em 20% e 100% &#8211; respectivamente.<\/p>\n\n\n\n<p class=\"wp-block-paragraph\">Os pr\u00e9dios tamb\u00e9m ser\u00e3o adaptados aos novos padr\u00f5es arquitet\u00f4nicos adotados pelo Governo Municipal. Estas interven\u00e7\u00f5es de grande porte fazem parte do pacote de obras da Educa\u00e7\u00e3o. (SECOM\/PMFS &#8211; Fotos: Sara Silva)<\/p>\n\n\n\n<figure class=\"wp-block-image size-large\"><img fetchpriority=\"high\" decoding=\"async\" width=\"1024\" height=\"672\" src=\"http:\/\/atitudenoticias.com.br\/wp-content\/uploads\/2022\/06\/CMEI-CAMPO-DO-GADO-NOVO-FOTO-SARA-SILVA-03.05-4-1-1-1024x672.jpg\" alt=\"\" class=\"wp-image-2555\" srcset=\"https:\/\/atitudenoticias.com.br\/wp-content\/uploads\/2022\/06\/CMEI-CAMPO-DO-GADO-NOVO-FOTO-SARA-SILVA-03.05-4-1-1-1024x672.jpg 1024w, https:\/\/atitudenoticias.com.br\/wp-content\/uploads\/2022\/06\/CMEI-CAMPO-DO-GADO-NOVO-FOTO-SARA-SILVA-03.05-4-1-1-300x197.jpg 300w, https:\/\/atitudenoticias.com.br\/wp-content\/uploads\/2022\/06\/CMEI-CAMPO-DO-GADO-NOVO-FOTO-SARA-SILVA-03.05-4-1-1-768x504.jpg 768w, https:\/\/atitudenoticias.com.br\/wp-content\/uploads\/2022\/06\/CMEI-CAMPO-DO-GADO-NOVO-FOTO-SARA-SILVA-03.05-4-1-1-1536x1009.jpg 1536w, https:\/\/atitudenoticias.com.br\/wp-content\/uploads\/2022\/06\/CMEI-CAMPO-DO-GADO-NOVO-FOTO-SARA-SILVA-03.05-4-1-1-2048x1345.jpg 2048w, https:\/\/atitudenoticias.com.br\/wp-content\/uploads\/2022\/06\/CMEI-CAMPO-DO-GADO-NOVO-FOTO-SARA-SILVA-03.05-4-1-1-1920x1261.jpg 1920w, https:\/\/atitudenoticias.com.br\/wp-content\/uploads\/2022\/06\/CMEI-CAMPO-DO-GADO-NOVO-FOTO-SARA-SILVA-03.05-4-1-1-1170x768.jpg 1170w, https:\/\/atitudenoticias.com.br\/wp-content\/uploads\/2022\/06\/CMEI-CAMPO-DO-GADO-NOVO-FOTO-SARA-SILVA-03.05-4-1-1-585x384.jpg 585w\" sizes=\"(max-width: 1024px) 100vw, 1024px\" \/><\/figure>\n","protected":false},"excerpt":{"rendered":"<p>Reformas e interven\u00e7\u00f5es de grande porte fazem parte do pacote de obras da Educa\u00e7\u00e3o A&hellip;<\/p>\n","protected":false},"author":2,"featured_media":2552,"comment_status":"open","ping_status":"open","sticky":false,"template":"","format":"standard","meta":{"footnotes":""},"categories":[72,58],"tags":[],"class_list":["post-2551","post","type-post","status-publish","format-standard","has-post-thumbnail","hentry","category-educacao","category-feira-de-santana"],"_links":{"self":[{"href":"https:\/\/atitudenoticias.com.br\/index.php?rest_route=\/wp\/v2\/posts\/2551","targetHints":{"allow":["GET"]}}],"collection":[{"href":"https:\/\/atitudenoticias.com.br\/index.php?rest_route=\/wp\/v2\/posts"}],"about":[{"href":"https:\/\/atitudenoticias.com.br\/index.php?rest_route=\/wp\/v2\/types\/post"}],"author":[{"embeddable":true,"href":"https:\/\/atitudenoticias.com.br\/index.php?rest_route=\/wp\/v2\/users\/2"}],"replies":[{"embeddable":true,"href":"https:\/\/atitudenoticias.com.br\/index.php?rest_route=%2Fwp%2Fv2%2Fcomments&post=2551"}],"version-history":[{"count":2,"href":"https:\/\/atitudenoticias.com.br\/index.php?rest_route=\/wp\/v2\/posts\/2551\/revisions"}],"predecessor-version":[{"id":2556,"href":"https:\/\/atitudenoticias.com.br\/index.php?rest_route=\/wp\/v2\/posts\/2551\/revisions\/2556"}],"wp:featuredmedia":[{"embeddable":true,"href":"https:\/\/atitudenoticias.com.br\/index.php?rest_route=\/wp\/v2\/media\/2552"}],"wp:attachment":[{"href":"https:\/\/atitudenoticias.com.br\/index.php?rest_route=%2Fwp%2Fv2%2Fmedia&parent=2551"}],"wp:term":[{"taxonomy":"category","embeddable":true,"href":"https:\/\/atitudenoticias.com.br\/index.php?rest_route=%2Fwp%2Fv2%2Fcategories&post=2551"},{"taxonomy":"post_tag","embeddable":true,"href":"https:\/\/atitudenoticias.com.br\/index.php?rest_route=%2Fwp%2Fv2%2Ftags&post=2551"}],"curies":[{"name":"wp","href":"https:\/\/api.w.org\/{rel}","templated":true}]}}