{"id":26058,"date":"2026-07-17T21:19:42","date_gmt":"2026-07-18T00:19:42","guid":{"rendered":"https:\/\/atitudenoticias.com.br\/?p=26058"},"modified":"2026-07-17T21:20:46","modified_gmt":"2026-07-18T00:20:46","slug":"fifa-vai-premiar-os-campeoes-da-copa-do-mundo-com-anel-inedito-veja-como-sera-a-joia-exclusiva","status":"publish","type":"post","link":"https:\/\/atitudenoticias.com.br\/?p=26058","title":{"rendered":"Fifa vai premiar os campe\u00f5es da Copa do Mundo com anel in\u00e9dito"},"content":{"rendered":"\n<p class=\"has-text-align-center wp-block-paragraph\"><strong><em>Inspirada na tradi\u00e7\u00e3o dos esportes dos Estados Unidos, premia\u00e7\u00e3o ser\u00e1 entregue pela primeira vez na hist\u00f3ria do Mundial e ter\u00e1 edi\u00e7\u00e3o limitada para campe\u00f5es e torcedores<\/em><\/strong><\/p>\n\n\n\n<p class=\"wp-block-paragraph\">A final da Copa do Mundo de 2026 marcar\u00e1 uma novidade in\u00e9dita na hist\u00f3ria do torneio. Al\u00e9m de levantar o tradicional trof\u00e9u e receber as medalhas de campe\u00e3o, a sele\u00e7\u00e3o vencedora tamb\u00e9m ser\u00e1 premiada com um anel comemorativo exclusivo, criado pela Fifa para celebrar a conquista.<\/p>\n\n\n\n<p class=\"wp-block-paragraph\">A iniciativa foi inspirada na tradi\u00e7\u00e3o dos principais esportes dos Estados Unidos, onde os campe\u00f5es de competi\u00e7\u00f5es como NFL, NBA, MLB e NHL recebem an\u00e9is personalizados para eternizar o t\u00edtulo conquistado.<\/p>\n\n\n\n<p class=\"wp-block-paragraph\">Ao todo, ser\u00e3o produzidos 2.026 an\u00e9is, em refer\u00eancia ao ano da competi\u00e7\u00e3o. Cada pe\u00e7a ser\u00e1 numerada individualmente e acompanhada por um certificado de autenticidade. Desse total, 30 unidades ser\u00e3o destinadas aos jogadores e integrantes da comiss\u00e3o t\u00e9cnica da sele\u00e7\u00e3o campe\u00e3, enquanto as outras 1.996 ser\u00e3o comercializadas pela Fifa em edi\u00e7\u00e3o limitada. O pre\u00e7o dos an\u00e9is ainda n\u00e3o foi divulgado.<\/p>\n\n\n\n<p class=\"wp-block-paragraph\">O design tamb\u00e9m ter\u00e1 elementos exclusivos. Um dos lados exibir\u00e1 o trof\u00e9u da Copa do Mundo, enquanto o outro ser\u00e1 personalizado de acordo com a identidade visual da sele\u00e7\u00e3o campe\u00e3. Os an\u00e9is entregues aos atletas ser\u00e3o confeccionados sob medida para garantir um ajuste personalizado.<\/p>\n\n\n\n<p class=\"wp-block-paragraph\">Logo ap\u00f3s a decis\u00e3o, o capit\u00e3o e o t\u00e9cnico da equipe vencedora receber\u00e3o vers\u00f5es provis\u00f3rias do anel durante a cerim\u00f4nia de premia\u00e7\u00e3o. As pe\u00e7as definitivas, personalizadas para cada integrante da delega\u00e7\u00e3o campe\u00e3, ser\u00e3o entregues posteriormente.<\/p>\n\n\n\n<p class=\"wp-block-paragraph\">A novidade refor\u00e7a a influ\u00eancia da cultura esportiva norte-americana na edi\u00e7\u00e3o de 2026, disputada nos Estados Unidos, Canad\u00e1 e M\u00e9xico. Al\u00e9m dos an\u00e9is, a decis\u00e3o entre Espanha e Argentina tamb\u00e9m contar\u00e1, pela primeira vez na hist\u00f3ria da Copa do Mundo, com um show no intervalo inspirado no tradicional Halftime Show do Super Bowl<em><strong>. (Correio)<\/strong><\/em><\/p>\n","protected":false},"excerpt":{"rendered":"<p>Inspirada na tradi\u00e7\u00e3o dos esportes dos Estados Unidos, premia\u00e7\u00e3o ser\u00e1 entregue pela primeira vez na&hellip;<\/p>\n","protected":false},"author":2,"featured_media":26059,"comment_status":"open","ping_status":"open","sticky":false,"template":"","format":"standard","meta":{"footnotes":""},"categories":[73],"tags":[],"class_list":["post-26058","post","type-post","status-publish","format-standard","has-post-thumbnail","hentry","category-copa-do-mundo"],"_links":{"self":[{"href":"https:\/\/atitudenoticias.com.br\/index.php?rest_route=\/wp\/v2\/posts\/26058","targetHints":{"allow":["GET"]}}],"collection":[{"href":"https:\/\/atitudenoticias.com.br\/index.php?rest_route=\/wp\/v2\/posts"}],"about":[{"href":"https:\/\/atitudenoticias.com.br\/index.php?rest_route=\/wp\/v2\/types\/post"}],"author":[{"embeddable":true,"href":"https:\/\/atitudenoticias.com.br\/index.php?rest_route=\/wp\/v2\/users\/2"}],"replies":[{"embeddable":true,"href":"https:\/\/atitudenoticias.com.br\/index.php?rest_route=%2Fwp%2Fv2%2Fcomments&post=26058"}],"version-history":[{"count":2,"href":"https:\/\/atitudenoticias.com.br\/index.php?rest_route=\/wp\/v2\/posts\/26058\/revisions"}],"predecessor-version":[{"id":26061,"href":"https:\/\/atitudenoticias.com.br\/index.php?rest_route=\/wp\/v2\/posts\/26058\/revisions\/26061"}],"wp:featuredmedia":[{"embeddable":true,"href":"https:\/\/atitudenoticias.com.br\/index.php?rest_route=\/wp\/v2\/media\/26059"}],"wp:attachment":[{"href":"https:\/\/atitudenoticias.com.br\/index.php?rest_route=%2Fwp%2Fv2%2Fmedia&parent=26058"}],"wp:term":[{"taxonomy":"category","embeddable":true,"href":"https:\/\/atitudenoticias.com.br\/index.php?rest_route=%2Fwp%2Fv2%2Fcategories&post=26058"},{"taxonomy":"post_tag","embeddable":true,"href":"https:\/\/atitudenoticias.com.br\/index.php?rest_route=%2Fwp%2Fv2%2Ftags&post=26058"}],"curies":[{"name":"wp","href":"https:\/\/api.w.org\/{rel}","templated":true}]}}