{"id":26078,"date":"2026-07-20T19:52:49","date_gmt":"2026-07-20T22:52:49","guid":{"rendered":"https:\/\/atitudenoticias.com.br\/?p=26078"},"modified":"2026-07-21T19:53:20","modified_gmt":"2026-07-21T22:53:20","slug":"universidade-baiana-altera-sistema-de-cotas-no-vestibular-veja-o-que-muda-para-os-candidatos","status":"publish","type":"post","link":"https:\/\/atitudenoticias.com.br\/?p=26078","title":{"rendered":"Universidade baiana altera sistema de cotas no vestibular; veja o que muda para os candidatos"},"content":{"rendered":"\n<h2 class=\"wp-block-heading has-text-align-center\"><strong><em>Edital do Vestibular 2027 tamb\u00e9m prev\u00ea mais de mil vagas em 47 cursos<\/em><\/strong><\/h2>\n\n\n\n<p class=\"wp-block-paragraph\">A Universidade Estadual do Sudoeste da Bahia (Uesb) alterou as regras de ingresso pelo sistema de cotas no Vestibular 2027. A partir desta edi\u00e7\u00e3o, os candidatos inscritos nas modalidades de a\u00e7\u00f5es afirmativas passar\u00e3o a ser classificados primeiro pela ampla concorr\u00eancia. Somente aqueles que n\u00e3o alcan\u00e7arem nota suficiente nessa disputa ocupar\u00e3o as vagas reservadas.<\/p>\n\n\n\n<p class=\"wp-block-paragraph\">Segundo a universidade, a mudan\u00e7a amplia o alcance da pol\u00edtica de cotas ao preservar integralmente as vagas destinadas aos estudantes que realmente dependem da reserva de vagas para ingressar no ensino superior. Nas edi\u00e7\u00f5es anteriores, os candidatos que optavam pelas a\u00e7\u00f5es afirmativas disputavam exclusivamente as vagas reservadas. Na pr\u00e1tica, isso fazia com que estudantes que alcan\u00e7ariam aprova\u00e7\u00e3o pela ampla concorr\u00eancia ocupassem vagas destinadas \u00e0s cotas, reduzindo o n\u00famero de oportunidades para outros candidatos pertencentes aos grupos historicamente exclu\u00eddos.<\/p>\n\n\n\n<p class=\"wp-block-paragraph\">De acordo com a Uesb, como a pol\u00edtica institucional reserva 35% das vagas para cotas raciais, o modelo anterior acabava transformando esse percentual em um limite para o ingresso de estudantes beneficiados pelas a\u00e7\u00f5es afirmativas. Isso porque candidatos pretos, pardos, ind\u00edgenas e quilombolas oriundos da escola p\u00fablica que obtinham notas suficientes para aprova\u00e7\u00e3o na ampla concorr\u00eancia deixavam de liberar vagas para outros candidatos cotistas.<\/p>\n\n\n\n<p class=\"wp-block-paragraph\">Para o reitor da Uesb, professor Rob\u00e9rio Rodrigues, a altera\u00e7\u00e3o busca tornar a pol\u00edtica de inclus\u00e3o mais efetiva.&nbsp;&#8220;Ao estabelecer que os candidatos benefici\u00e1rios da reserva de vagas concorram inicialmente pela ampla concorr\u00eancia e somente ocupem vaga reservada quando n\u00e3o alcan\u00e7arem classifica\u00e7\u00e3o suficiente naquela modalidade, buscou-se assegurar que o maior n\u00famero poss\u00edvel de vagas reservadas alcance efetivamente aqueles estudantes que delas necessitam para acessar a educa\u00e7\u00e3o superior&#8221;, afirmou.&nbsp;A proposta foi apresentada pela atual reitoria e aprovada por unanimidade pela C\u00e2mara de Gradua\u00e7\u00e3o da universidade.<\/p>\n\n\n\n<p class=\"wp-block-paragraph\"><strong>Mais de mil vagas<\/strong><\/p>\n\n\n\n<p class=\"wp-block-paragraph\">O Vestibular Uesb 2027 oferece mais de mil vagas distribu\u00eddas entre 47 cursos de gradua\u00e7\u00e3o nos campi de Itapetinga, Jequi\u00e9 e Vit\u00f3ria da Conquista, com ingresso nos dois per\u00edodos letivos de 2027.&nbsp;As inscri\u00e7\u00f5es dever\u00e3o ser feitas exclusivamente pelo site do Vestibular Uesb ou do Instituto Avalia, respons\u00e1vel pela organiza\u00e7\u00e3o do processo seletivo, entre os dias 3 de agosto e 30 de setembro.&nbsp;A taxa de inscri\u00e7\u00e3o \u00e9 de R$ 110, com pagamento at\u00e9 o primeiro dia \u00fatil ap\u00f3s o encerramento das inscri\u00e7\u00f5es.<\/p>\n\n\n\n<p class=\"wp-block-paragraph\">Os pedidos de isen\u00e7\u00e3o da taxa poder\u00e3o ser realizados entre 3 e 25 de agosto, com envio da documenta\u00e7\u00e3o comprobat\u00f3ria at\u00e9 26 de agosto.&nbsp;Podem solicitar a gratuidade candidatos que n\u00e3o tenham conclu\u00eddo curso superior e que atendam aos crit\u00e9rios previstos no edital, entre eles estudantes do programa Universidade Para Todos, egressos da rede p\u00fablica, servidores das universidades estaduais da Bahia e seus dependentes, al\u00e9m de funcion\u00e1rios terceirizados e estagi\u00e1rios de n\u00edvel m\u00e9dio com contrato ativo na Uesb.<\/p>\n\n\n\n<p class=\"wp-block-paragraph\"><strong>Como funciona a reserva de vagas<\/strong><\/p>\n\n\n\n<p class=\"wp-block-paragraph\">A universidade mant\u00e9m a reserva de 50% das vagas de cada curso para estudantes que cursaram do 6\u00ba ao 9\u00ba ano do Ensino Fundamental e todo o Ensino M\u00e9dio em escolas p\u00fablicas municipais, estaduais ou federais. A outra metade das vagas \u00e9 destinada \u00e0 ampla concorr\u00eancia.&nbsp;<\/p>\n\n\n\n<p class=\"wp-block-paragraph\">Dentro da reserva de vagas, 70% s\u00e3o destinadas a candidatos autodeclarados negros (pretos e pardos) e 30% aos demais candidatos.&nbsp;Os candidatos aprovados nas vagas reservadas para negros dever\u00e3o passar pela Comiss\u00e3o de Heteroidentifica\u00e7\u00e3o da Uesb no momento da matr\u00edcula, respons\u00e1vel por validar a autodeclara\u00e7\u00e3o \u00e9tnico-racial.<\/p>\n\n\n\n<p class=\"wp-block-paragraph\">As provas do Vestibular Uesb 2027 ser\u00e3o aplicadas em etapa \u00fanica nos dias 22 e 23 de novembro, nas cidades de Itapetinga, Jequi\u00e9 e Vit\u00f3ria da Conquista.&nbsp;O exame contar\u00e1 com quest\u00f5es sobre conte\u00fados do Ensino M\u00e9dio e uma reda\u00e7\u00e3o dissertativo-argumentativa.&nbsp;As obras obrigat\u00f3rias desta edi\u00e7\u00e3o s\u00e3o &#8220;Mata Doce&#8221;, de Luciany Aparecida, &#8220;Sagarana&#8221;, de Jo\u00e3o Guimar\u00e3es Rosa, e o \u00e1lbum &#8220;Ra\u00e7a Humana&#8221;, de Gilberto Gil.<\/p>\n\n\n\n<p class=\"wp-block-paragraph\">Ap\u00f3s a confirma\u00e7\u00e3o do pagamento da inscri\u00e7\u00e3o, a homologa\u00e7\u00e3o dos candidatos ser\u00e1 divulgada em 7 de outubro. O cronograma completo do processo seletivo est\u00e1 dispon\u00edvel no Edital n\u00ba 237\/2026 e no Manual do Candidato.<strong><em> (Correio24hs)<\/em><\/strong><\/p>\n","protected":false},"excerpt":{"rendered":"<p>Edital do Vestibular 2027 tamb\u00e9m prev\u00ea mais de mil vagas em 47 cursos A Universidade&hellip;<\/p>\n","protected":false},"author":2,"featured_media":26079,"comment_status":"open","ping_status":"open","sticky":false,"template":"","format":"standard","meta":{"footnotes":""},"categories":[22,72],"tags":[],"class_list":["post-26078","post","type-post","status-publish","format-standard","has-post-thumbnail","hentry","category-bahia","category-educacao"],"_links":{"self":[{"href":"https:\/\/atitudenoticias.com.br\/index.php?rest_route=\/wp\/v2\/posts\/26078","targetHints":{"allow":["GET"]}}],"collection":[{"href":"https:\/\/atitudenoticias.com.br\/index.php?rest_route=\/wp\/v2\/posts"}],"about":[{"href":"https:\/\/atitudenoticias.com.br\/index.php?rest_route=\/wp\/v2\/types\/post"}],"author":[{"embeddable":true,"href":"https:\/\/atitudenoticias.com.br\/index.php?rest_route=\/wp\/v2\/users\/2"}],"replies":[{"embeddable":true,"href":"https:\/\/atitudenoticias.com.br\/index.php?rest_route=%2Fwp%2Fv2%2Fcomments&post=26078"}],"version-history":[{"count":1,"href":"https:\/\/atitudenoticias.com.br\/index.php?rest_route=\/wp\/v2\/posts\/26078\/revisions"}],"predecessor-version":[{"id":26080,"href":"https:\/\/atitudenoticias.com.br\/index.php?rest_route=\/wp\/v2\/posts\/26078\/revisions\/26080"}],"wp:featuredmedia":[{"embeddable":true,"href":"https:\/\/atitudenoticias.com.br\/index.php?rest_route=\/wp\/v2\/media\/26079"}],"wp:attachment":[{"href":"https:\/\/atitudenoticias.com.br\/index.php?rest_route=%2Fwp%2Fv2%2Fmedia&parent=26078"}],"wp:term":[{"taxonomy":"category","embeddable":true,"href":"https:\/\/atitudenoticias.com.br\/index.php?rest_route=%2Fwp%2Fv2%2Fcategories&post=26078"},{"taxonomy":"post_tag","embeddable":true,"href":"https:\/\/atitudenoticias.com.br\/index.php?rest_route=%2Fwp%2Fv2%2Ftags&post=26078"}],"curies":[{"name":"wp","href":"https:\/\/api.w.org\/{rel}","templated":true}]}}