{"id":26081,"date":"2026-07-21T10:57:35","date_gmt":"2026-07-21T13:57:35","guid":{"rendered":"https:\/\/atitudenoticias.com.br\/?p=26081"},"modified":"2026-07-21T19:58:12","modified_gmt":"2026-07-21T22:58:12","slug":"joia-da-princesa-volta-a-sediar-finais-e-reafirma-protagonismo-como-principal-estadio-do-interior-da-bahia","status":"publish","type":"post","link":"https:\/\/atitudenoticias.com.br\/?p=26081","title":{"rendered":"Joia da Princesa volta a sediar finais e reafirma protagonismo como principal est\u00e1dio do interior da Bahia"},"content":{"rendered":"\n<p class=\"has-text-align-center wp-block-paragraph\"><em><strong>Nas pr\u00f3ximas semanas, o est\u00e1dio receber\u00e1 quatro partidas decisivas, incluindo as finais do Campeonato Baiano Sub-20 e do Campeonato Baiano da S\u00e9rie B<\/strong><\/em><\/p>\n\n\n\n<p class=\"wp-block-paragraph\">O Est\u00e1dio Municipal Alberto Oliveira, o Joia da Princesa, volta a ocupar posi\u00e7\u00e3o de destaque no cen\u00e1rio esportivo baiano ao ser escolhido pela Federa\u00e7\u00e3o Bahiana de Futebol (FBF) para sediar as decis\u00f5es de duas das principais competi\u00e7\u00f5es estaduais. A defini\u00e7\u00e3o refor\u00e7a o equipamento como a maior refer\u00eancia do futebol no interior da Bahia.<\/p>\n\n\n\n<p class=\"wp-block-paragraph\">Nas pr\u00f3ximas semanas, o est\u00e1dio receber\u00e1 quatro partidas decisivas, incluindo as finais do Campeonato Baiano Sub-20 e do Campeonato Baiano da S\u00e9rie B, consolidando Feira de Santana como um dos principais polos do futebol no estado.<\/p>\n\n\n\n<p class=\"wp-block-paragraph\">Para o superintendente municipal de Esportes, Emerson Brito, a escolha do Joia da Princesa \u00e9 resultado dos investimentos realizados pela Prefeitura de Feira de Santana na manuten\u00e7\u00e3o, moderniza\u00e7\u00e3o e qualifica\u00e7\u00e3o da estrutura do est\u00e1dio.<\/p>\n\n\n\n<p class=\"wp-block-paragraph\">&#8220;O Joia da Princesa voltou a ser refer\u00eancia para o futebol baiano. Esse reconhecimento da Federa\u00e7\u00e3o Bahiana de Futebol demonstra que o est\u00e1dio re\u00fane todas as condi\u00e7\u00f5es para receber grandes jogos e oferecer seguran\u00e7a, conforto e qualidade para atletas, torcedores e equipes de arbitragem&#8221;, destacou.<\/p>\n\n\n\n<p class=\"wp-block-paragraph\"><strong>O calend\u00e1rio de decis\u00f5es no est\u00e1dio ser\u00e1 o seguinte:<\/strong><\/p>\n\n\n\n<p class=\"wp-block-paragraph\"><strong>25 de julho (s\u00e1bado), \u00e0s 15h<\/strong><\/p>\n\n\n\n<p class=\"wp-block-paragraph\">* Fluminense de Feira x Bahia \u2013 primeiro jogo da final do Campeonato Baiano Sub-20.<\/p>\n\n\n\n<p class=\"wp-block-paragraph\"><strong>26 de julho (domingo), \u00e0s 15h<\/strong><\/p>\n\n\n\n<p class=\"wp-block-paragraph\">* SSA x Fluminense de Feira \u2013 primeiro jogo da final do Campeonato Baiano da S\u00e9rie B.<\/p>\n\n\n\n<p class=\"wp-block-paragraph\"><strong>1\u00ba de agosto (s\u00e1bado), \u00e0s 15h<\/strong><\/p>\n\n\n\n<p class=\"wp-block-paragraph\">* Bahia x Fluminense de Feira \u2013 jogo de volta da final do Campeonato Baiano Sub-20, que definir\u00e1 o campe\u00e3o da competi\u00e7\u00e3o.<\/p>\n\n\n\n<p class=\"wp-block-paragraph\"><strong>2 de agosto (domingo), \u00e0s 15h<\/strong><\/p>\n\n\n\n<p class=\"wp-block-paragraph\">* Fluminense de Feira x SSA \u2013 grande final do Campeonato Baiano da S\u00e9rie B.<\/p>\n\n\n\n<p class=\"wp-block-paragraph\">A realiza\u00e7\u00e3o de quatro confrontos decisivos em sequ\u00eancia evidencia a confian\u00e7a da Federa\u00e7\u00e3o Bahiana de Futebol na infraestrutura do Joia da Princesa e no trabalho desenvolvido pela Prefeitura de Feira de Santana para manter o est\u00e1dio em condi\u00e7\u00f5es de receber eventos de grande porte.<\/p>\n\n\n\n<p class=\"wp-block-paragraph\">Al\u00e9m de fortalecer o esporte, as partidas devem impulsionar a economia local, com maior movimenta\u00e7\u00e3o no com\u00e9rcio, na rede hoteleira, nos servi\u00e7os e no setor de alimenta\u00e7\u00e3o, beneficiando diversos segmentos da cidade e reafirmando Feira de Santana como uma importante refer\u00eancia esportiva da Bahia.<strong><em> (SECOM\/PMFS)<\/em><\/strong><\/p>\n","protected":false},"excerpt":{"rendered":"<p>Nas pr\u00f3ximas semanas, o est\u00e1dio receber\u00e1 quatro partidas decisivas, incluindo as finais do Campeonato Baiano&hellip;<\/p>\n","protected":false},"author":2,"featured_media":26082,"comment_status":"open","ping_status":"open","sticky":false,"template":"","format":"standard","meta":{"footnotes":""},"categories":[26,58],"tags":[],"class_list":["post-26081","post","type-post","status-publish","format-standard","has-post-thumbnail","hentry","category-esportes","category-feira-de-santana"],"_links":{"self":[{"href":"https:\/\/atitudenoticias.com.br\/index.php?rest_route=\/wp\/v2\/posts\/26081","targetHints":{"allow":["GET"]}}],"collection":[{"href":"https:\/\/atitudenoticias.com.br\/index.php?rest_route=\/wp\/v2\/posts"}],"about":[{"href":"https:\/\/atitudenoticias.com.br\/index.php?rest_route=\/wp\/v2\/types\/post"}],"author":[{"embeddable":true,"href":"https:\/\/atitudenoticias.com.br\/index.php?rest_route=\/wp\/v2\/users\/2"}],"replies":[{"embeddable":true,"href":"https:\/\/atitudenoticias.com.br\/index.php?rest_route=%2Fwp%2Fv2%2Fcomments&post=26081"}],"version-history":[{"count":1,"href":"https:\/\/atitudenoticias.com.br\/index.php?rest_route=\/wp\/v2\/posts\/26081\/revisions"}],"predecessor-version":[{"id":26083,"href":"https:\/\/atitudenoticias.com.br\/index.php?rest_route=\/wp\/v2\/posts\/26081\/revisions\/26083"}],"wp:featuredmedia":[{"embeddable":true,"href":"https:\/\/atitudenoticias.com.br\/index.php?rest_route=\/wp\/v2\/media\/26082"}],"wp:attachment":[{"href":"https:\/\/atitudenoticias.com.br\/index.php?rest_route=%2Fwp%2Fv2%2Fmedia&parent=26081"}],"wp:term":[{"taxonomy":"category","embeddable":true,"href":"https:\/\/atitudenoticias.com.br\/index.php?rest_route=%2Fwp%2Fv2%2Fcategories&post=26081"},{"taxonomy":"post_tag","embeddable":true,"href":"https:\/\/atitudenoticias.com.br\/index.php?rest_route=%2Fwp%2Fv2%2Ftags&post=26081"}],"curies":[{"name":"wp","href":"https:\/\/api.w.org\/{rel}","templated":true}]}}