{"id":2620,"date":"2022-06-21T19:02:22","date_gmt":"2022-06-21T19:02:22","guid":{"rendered":"http:\/\/atitudenoticias.com.br\/?p=2620"},"modified":"2022-06-21T19:02:23","modified_gmt":"2022-06-21T19:02:23","slug":"ministros-dizem-ao-tse-que-pf-e-militares-fiscalizarao-as-urnas","status":"publish","type":"post","link":"https:\/\/atitudenoticias.com.br\/?p=2620","title":{"rendered":"Ministros dizem ao TSE que PF e militares fiscalizar\u00e3o as urnas"},"content":{"rendered":"\n<p class=\"has-medium-font-size wp-block-paragraph\"><em><strong>Informa\u00e7\u00f5es foram repassadas ao presidente do Tribunal, ministro Edson Fachin<\/strong><\/em><\/p>\n\n\n\n<p class=\"wp-block-paragraph\">Em of\u00edcio enviado ao presidente do Tribunal Superior Eleitoral (TSE), ministro Edson Fachin, o ministro da Justi\u00e7a, Anderson Torres, afirmou que a Pol\u00edcia Federal dever\u00e1 fiscalizar as urnas nas elei\u00e7\u00f5es.<\/p>\n\n\n\n<p class=\"wp-block-paragraph\">&#8220;O Minist\u00e9rio da Justi\u00e7a e Seguran\u00e7a P\u00fablica, por interm\u00e9dio da Pol\u00edcia Federal, com esteio no art. 6\u00ba, VII, da Resolu\u00e7\u00e3o n\u00ba 23.673\/2021 (TSE), participar\u00e1 de todas as etapas do processo de fiscaliza\u00e7\u00e3o e auditoria atinentes ao sistema eletr\u00f4nico de vota\u00e7\u00e3o coordenado pelo Tribunal Superior Eleitoral&#8221;, diz trecho do documento. O objetivo, segundo ele, seria resguardar o Estado democr\u00e1tico de Direito.<\/p>\n\n\n\n<p class=\"wp-block-paragraph\">Na sexta-feira, 17, o ministro da Defesa, Paulo Sergio Nogueira informou ao Tribunal que os militares s\u00e3o &#8220;entidades fiscalizadoras do sistema eletr\u00f4nico de vota\u00e7\u00e3o&#8221;. Ele pontuou que as For\u00e7as Armadas atuar\u00e3o como &#8220;entidades fiscalizadoras do sistema eletr\u00f4nico de vota\u00e7\u00e3o&#8221;. O ministro ressaltou ainda que a a\u00e7\u00e3o ser\u00e1 feita em conjunto por uma equipe de t\u00e9cnicos militares. Os nomes ainda devem ser encaminhados ao TSE. (ATarde &#8211; Foto: Daniel Ramalho)<\/p>\n","protected":false},"excerpt":{"rendered":"<p>Informa\u00e7\u00f5es foram repassadas ao presidente do Tribunal, ministro Edson Fachin Em of\u00edcio enviado ao presidente&hellip;<\/p>\n","protected":false},"author":2,"featured_media":2621,"comment_status":"open","ping_status":"open","sticky":false,"template":"","format":"standard","meta":{"footnotes":""},"categories":[27],"tags":[],"class_list":["post-2620","post","type-post","status-publish","format-standard","has-post-thumbnail","hentry","category-eleicoes"],"_links":{"self":[{"href":"https:\/\/atitudenoticias.com.br\/index.php?rest_route=\/wp\/v2\/posts\/2620","targetHints":{"allow":["GET"]}}],"collection":[{"href":"https:\/\/atitudenoticias.com.br\/index.php?rest_route=\/wp\/v2\/posts"}],"about":[{"href":"https:\/\/atitudenoticias.com.br\/index.php?rest_route=\/wp\/v2\/types\/post"}],"author":[{"embeddable":true,"href":"https:\/\/atitudenoticias.com.br\/index.php?rest_route=\/wp\/v2\/users\/2"}],"replies":[{"embeddable":true,"href":"https:\/\/atitudenoticias.com.br\/index.php?rest_route=%2Fwp%2Fv2%2Fcomments&post=2620"}],"version-history":[{"count":1,"href":"https:\/\/atitudenoticias.com.br\/index.php?rest_route=\/wp\/v2\/posts\/2620\/revisions"}],"predecessor-version":[{"id":2622,"href":"https:\/\/atitudenoticias.com.br\/index.php?rest_route=\/wp\/v2\/posts\/2620\/revisions\/2622"}],"wp:featuredmedia":[{"embeddable":true,"href":"https:\/\/atitudenoticias.com.br\/index.php?rest_route=\/wp\/v2\/media\/2621"}],"wp:attachment":[{"href":"https:\/\/atitudenoticias.com.br\/index.php?rest_route=%2Fwp%2Fv2%2Fmedia&parent=2620"}],"wp:term":[{"taxonomy":"category","embeddable":true,"href":"https:\/\/atitudenoticias.com.br\/index.php?rest_route=%2Fwp%2Fv2%2Fcategories&post=2620"},{"taxonomy":"post_tag","embeddable":true,"href":"https:\/\/atitudenoticias.com.br\/index.php?rest_route=%2Fwp%2Fv2%2Ftags&post=2620"}],"curies":[{"name":"wp","href":"https:\/\/api.w.org\/{rel}","templated":true}]}}