{"id":26536,"date":"2026-09-01T17:22:27","date_gmt":"2026-09-01T20:22:27","guid":{"rendered":"https:\/\/atitudenoticias.com.br\/?p=26536"},"modified":"2026-09-01T17:22:29","modified_gmt":"2026-09-01T20:22:29","slug":"remedio-em-casa-inicia-entrega-de-medicamentos-para-moradores-de-ipuacu-nesta-quinta-feira","status":"publish","type":"post","link":"https:\/\/atitudenoticias.com.br\/?p=26536","title":{"rendered":"Rem\u00e9dio em Casa inicia entrega de medicamentos para moradores de Ipua\u00e7u nesta quinta-feira"},"content":{"rendered":"\n<p class=\"has-text-align-center wp-block-paragraph\"><em><strong>Programa da Sa\u00fade j\u00e1 atende moradores de Bonfim de Feira, Ja\u00edba e Jaguara e ser\u00e1 ampliado gradualmente<\/strong><\/em><\/p>\n\n\n\n<p class=\"wp-block-paragraph\">A Secretaria Municipal de Sa\u00fade (SMS) inicia, nesta quinta-feira (3), a entrega de medicamentos pelo programa Rem\u00e9dio em Casa para moradores do distrito Governador Jo\u00e3o Durval Carneiro (Ipua\u00e7u). Nesta primeira etapa, ser\u00e3o beneficiados 30 pacientes j\u00e1 cadastrados e acompanhados pela Aten\u00e7\u00e3o Prim\u00e1ria \u00e0 Sa\u00fade. A distribui\u00e7\u00e3o ser\u00e1 realizada tanto na sede do distrito quanto no povoado Galhardo.<\/p>\n\n\n\n<p class=\"wp-block-paragraph\">O programa tem como objetivo facilitar o acesso aos medicamentos de uso cont\u00ednuo, levando os itens diretamente \u00e0s resid\u00eancias dos pacientes. O servi\u00e7o \u00e9 destinado prioritariamente a idosos, pessoas acamadas e usu\u00e1rios com mobilidade reduzida, proporcionando mais comodidade e contribuindo para a continuidade do tratamento.<\/p>\n\n\n\n<p class=\"wp-block-paragraph\">As entregas s\u00e3o realizadas a cada 60 dias, de acordo com o acompanhamento e a necessidade de cada usu\u00e1rio. Toda a log\u00edstica \u00e9 coordenada pela Secretaria Municipal de Sa\u00fade, por meio da Aten\u00e7\u00e3o Prim\u00e1ria \u00e0 Sa\u00fade, da Central de Abastecimento Farmac\u00eautico (CAF) e de outros setores da rede municipal. As equipes s\u00e3o respons\u00e1veis pela organiza\u00e7\u00e3o das etapas de separa\u00e7\u00e3o, distribui\u00e7\u00e3o e entrega dos medicamentos.<\/p>\n\n\n\n<p class=\"wp-block-paragraph\"><strong>DISTRITOS J\u00c1 ATENDIDOS<\/strong><\/p>\n\n\n\n<p class=\"wp-block-paragraph\">Al\u00e9m de Ipua\u00e7u, o Rem\u00e9dio em Casa j\u00e1 foi implantado nos distritos de Bonfim de Feira, Ja\u00edba e Jaguara. Ainda no in\u00edcio de setembro, o programa ser\u00e1 ampliado para Matinha e o povoado Alecrim Mi\u00fado. No dia 10 de setembro, est\u00e1 prevista tamb\u00e9m a segunda entrega de medicamentos aos moradores de Bonfim de Feira.<\/p>\n\n\n\n<p class=\"wp-block-paragraph\">\u201cO Rem\u00e9dio em Casa \u00e9 uma iniciativa que aproxima a Sa\u00fade da popula\u00e7\u00e3o. Estamos ampliando o programa de forma planejada para alcan\u00e7ar cada vez mais moradores, garantindo mais comodidade, cuidado e acesso aos medicamentos\u201d, destacou o secret\u00e1rio municipal de Sa\u00fade, Rodrigo Matos.<\/p>\n\n\n\n<p class=\"wp-block-paragraph\">A expans\u00e3o do programa seguir\u00e1 um cronograma gradual. Em outubro, o Rem\u00e9dio em Casa chegar\u00e1 ao distrito de Maria Quit\u00e9ria; em novembro, ser\u00e1 a vez de Humildes; e, em dezembro, Tiquaru\u00e7u. Somente na zona rural, a expectativa \u00e9 beneficiar inicialmente cerca de mil pessoas.<\/p>\n\n\n\n<p class=\"wp-block-paragraph\">A partir de janeiro de 2027, o programa ser\u00e1 ampliado para a sede do munic\u00edpio, come\u00e7ando pelo bairro Novo Horizonte. <strong><em>(SECOM\/PMFS)<\/em><\/strong><\/p>\n","protected":false},"excerpt":{"rendered":"<p>Programa da Sa\u00fade j\u00e1 atende moradores de Bonfim de Feira, Ja\u00edba e Jaguara e ser\u00e1&hellip;<\/p>\n","protected":false},"author":2,"featured_media":26537,"comment_status":"open","ping_status":"open","sticky":false,"template":"","format":"standard","meta":{"footnotes":""},"categories":[58,25],"tags":[],"class_list":["post-26536","post","type-post","status-publish","format-standard","has-post-thumbnail","hentry","category-feira-de-santana","category-saude"],"_links":{"self":[{"href":"https:\/\/atitudenoticias.com.br\/index.php?rest_route=\/wp\/v2\/posts\/26536","targetHints":{"allow":["GET"]}}],"collection":[{"href":"https:\/\/atitudenoticias.com.br\/index.php?rest_route=\/wp\/v2\/posts"}],"about":[{"href":"https:\/\/atitudenoticias.com.br\/index.php?rest_route=\/wp\/v2\/types\/post"}],"author":[{"embeddable":true,"href":"https:\/\/atitudenoticias.com.br\/index.php?rest_route=\/wp\/v2\/users\/2"}],"replies":[{"embeddable":true,"href":"https:\/\/atitudenoticias.com.br\/index.php?rest_route=%2Fwp%2Fv2%2Fcomments&post=26536"}],"version-history":[{"count":1,"href":"https:\/\/atitudenoticias.com.br\/index.php?rest_route=\/wp\/v2\/posts\/26536\/revisions"}],"predecessor-version":[{"id":26538,"href":"https:\/\/atitudenoticias.com.br\/index.php?rest_route=\/wp\/v2\/posts\/26536\/revisions\/26538"}],"wp:featuredmedia":[{"embeddable":true,"href":"https:\/\/atitudenoticias.com.br\/index.php?rest_route=\/wp\/v2\/media\/26537"}],"wp:attachment":[{"href":"https:\/\/atitudenoticias.com.br\/index.php?rest_route=%2Fwp%2Fv2%2Fmedia&parent=26536"}],"wp:term":[{"taxonomy":"category","embeddable":true,"href":"https:\/\/atitudenoticias.com.br\/index.php?rest_route=%2Fwp%2Fv2%2Fcategories&post=26536"},{"taxonomy":"post_tag","embeddable":true,"href":"https:\/\/atitudenoticias.com.br\/index.php?rest_route=%2Fwp%2Fv2%2Ftags&post=26536"}],"curies":[{"name":"wp","href":"https:\/\/api.w.org\/{rel}","templated":true}]}}