{"id":26539,"date":"2026-09-02T17:30:49","date_gmt":"2026-09-02T20:30:49","guid":{"rendered":"https:\/\/atitudenoticias.com.br\/?p=26539"},"modified":"2026-09-02T17:30:38","modified_gmt":"2026-09-02T20:30:38","slug":"justica-concede-habeas-corpus-e-revoga-prisao-de-binho-galinha","status":"publish","type":"post","link":"https:\/\/atitudenoticias.com.br\/?p=26539","title":{"rendered":"Justi\u00e7a concede habeas corpus e revoga pris\u00e3o de Binho Galinha"},"content":{"rendered":"\n<p class=\"has-text-align-center wp-block-paragraph\"><strong><em>Apesar da nova decis\u00e3o, Binho Galinha continua sob reclus\u00e3o em raz\u00e3o de outra a\u00e7\u00e3o penal<\/em><\/strong><\/p>\n\n\n\n<p class=\"wp-block-paragraph\">O Tribunal de Justi\u00e7a da Bahia (TJBA) concedeu habeas corpus ao deputado estadual Binho Galinha (Avante) e<strong>\u00a0revogou uma das pris\u00f5es preventivas impetradas contra o parlamentar.\u00a0<\/strong>A decis\u00e3o trata exclusivamente da pris\u00e3o decretada no \u00e2mbito da Opera\u00e7\u00e3o El Patr\u00f3n, em decis\u00e3o proferida pela Vara Criminal de Feira de Santana.<\/p>\n\n\n\n<p class=\"wp-block-paragraph\">A informa\u00e7\u00e3o foi divulgada nesta ter\u00e7a-feira, 1\u00ba, pelo advogado do deputado, Gamil F\u00f6ppel, que informou que o<strong>\u00a0habeas corpus foi concedido por unanimidade.<\/strong>\u00a0Na avalia\u00e7\u00e3o do defensor, o decreto de pris\u00e3o preventiva se tratava de uma decis\u00e3o\u00a0<strong>\u201cilegal\u201d, sendo decidido sem solicita\u00e7\u00e3o do Minist\u00e9rio P\u00fablico (MPBA).<\/strong><\/p>\n\n\n\n<p class=\"wp-block-paragraph\">\u201cTratava-se de pris\u00e3o manifestamente ilegal, decretada em decis\u00e3o teratol\u00f3gica, sem qualquer fato novo, contra r\u00e9u que respondeu a todo o processo em liberdade e jamais embara\u00e7ou a instru\u00e7\u00e3o. Na absurda decis\u00e3o, conseguiu-se a singular proeza de decretar uma pris\u00e3o sem pedido de qualquer \u00f3rg\u00e3o de controle: nem o Minist\u00e9rio P\u00fablico, nem a autoridade policial requereu a medida\u201d, escreveu a defesa.<\/p>\n\n\n\n<p class=\"wp-block-paragraph\"><strong>Deputado continua preso por outra ordem<\/strong><\/p>\n\n\n\n<p class=\"wp-block-paragraph\">Apesar da decis\u00e3o favor\u00e1vel no habeas corpus,&nbsp;<strong>Binho Galinha n\u00e3o ser\u00e1 colocado em liberdade neste momento.<\/strong>&nbsp;Segundo a defesa, ele continua recolhido exclusivamente em raz\u00e3o de uma segunda ordem de pris\u00e3o, cuja legalidade est\u00e1 sob an\u00e1lise do STJ.<\/p>\n\n\n\n<p class=\"wp-block-paragraph\">A nota divulgada pelos advogados classifica como ilegais as decis\u00f5es que resultaram nas pris\u00f5es e informa que pretende continuar recorrendo \u00e0s inst\u00e2ncias superiores e aos mecanismos correcionais cab\u00edveis.<\/p>\n\n\n\n<p class=\"wp-block-paragraph\">A defesa afirma esperar que essa outra pris\u00e3o tamb\u00e9m seja revogada.<\/p>\n\n\n\n<h3 class=\"wp-block-heading\">Condena\u00e7\u00e3o<\/h3>\n\n\n\n<p class=\"wp-block-paragraph\">Em julho, Binho Galinha foi condenado a 36 anos e 9 meses de pris\u00e3o ap\u00f3s decis\u00e3o proferida em julgamento da Vara Criminal de Feira de Santana . A senten\u00e7a considerou o parlamentar culpado por crimes relacionados \u00e0 posse irregular e adulterado de armas de fogo.<\/p>\n\n\n\n<p class=\"wp-block-paragraph\">A ju\u00edza M\u00e1rcia Sim\u00f5es reconheceu sete infra\u00e7\u00f5es relativas \u00e0 posse irregular de arma de fogo de uso permitido e outras sete infra\u00e7\u00f5es envolvendo arma de uso restrito, sinais identificadores adulterados ou suprimidos e fornecimento ou facilita\u00e7\u00e3o de acesso de arma de fogo a menor de idade.<\/p>\n\n\n\n<p class=\"wp-block-paragraph\">A pena referente \u00e0s sete infra\u00e7\u00f5es do artigo 12 foi fixada&nbsp;<strong>em 10 anos e 6 meses de deten\u00e7\u00e3o, al\u00e9m de 105 dias-multa.&nbsp;<\/strong>J\u00e1 em rela\u00e7\u00e3o \u00e0s sete infra\u00e7\u00f5es do artigo 16, a pena total chegou a 26 anos e 3 meses de reclus\u00e3o, tamb\u00e9m com 105 dias-multa. O regime inicial para a pena de reclus\u00e3o foi fixado como fechado.<\/p>\n\n\n\n<h3 class=\"wp-block-heading\">Opera\u00e7\u00e3o El Patr\u00f3n<\/h3>\n\n\n\n<p class=\"wp-block-paragraph\">A a\u00e7\u00e3o penal teve origem em elementos colhidos durante a Opera\u00e7\u00e3o El Patr\u00f3n, deflagrada em 7 de dezembro de 2023 para desarticular uma organiza\u00e7\u00e3o criminosa apontada como atuante em Feira de Santana e cidades da regi\u00e3o.<\/p>\n\n\n\n<p class=\"wp-block-paragraph\">Binho Galinha est\u00e1 preso desde outubro do ano passado, quando se entregou \u00e0 sede do Minist\u00e9rio P\u00fablico em Feira de Santana ap\u00f3s ser considerado foragido. O deputado tamb\u00e9m \u00e9\u00a0<strong>acusado de liderar uma mil\u00edcia envolvida em lavagem de dinheiro e jogo do bicho no munic\u00edpio<\/strong>\u00a0e ainda aguarda julgamento sobre o caso. <\/p>\n\n\n\n<p class=\"wp-block-paragraph\"><em><strong>(Por: Leo Almeida\/ATarde)<\/strong><\/em><\/p>\n","protected":false},"excerpt":{"rendered":"<p>Apesar da nova decis\u00e3o, Binho Galinha continua sob reclus\u00e3o em raz\u00e3o de outra a\u00e7\u00e3o penal&hellip;<\/p>\n","protected":false},"author":2,"featured_media":21690,"comment_status":"open","ping_status":"open","sticky":false,"template":"","format":"standard","meta":{"footnotes":""},"categories":[62,30],"tags":[],"class_list":["post-26539","post","type-post","status-publish","format-standard","has-post-thumbnail","hentry","category-justica","category-politica"],"_links":{"self":[{"href":"https:\/\/atitudenoticias.com.br\/index.php?rest_route=\/wp\/v2\/posts\/26539","targetHints":{"allow":["GET"]}}],"collection":[{"href":"https:\/\/atitudenoticias.com.br\/index.php?rest_route=\/wp\/v2\/posts"}],"about":[{"href":"https:\/\/atitudenoticias.com.br\/index.php?rest_route=\/wp\/v2\/types\/post"}],"author":[{"embeddable":true,"href":"https:\/\/atitudenoticias.com.br\/index.php?rest_route=\/wp\/v2\/users\/2"}],"replies":[{"embeddable":true,"href":"https:\/\/atitudenoticias.com.br\/index.php?rest_route=%2Fwp%2Fv2%2Fcomments&post=26539"}],"version-history":[{"count":1,"href":"https:\/\/atitudenoticias.com.br\/index.php?rest_route=\/wp\/v2\/posts\/26539\/revisions"}],"predecessor-version":[{"id":26540,"href":"https:\/\/atitudenoticias.com.br\/index.php?rest_route=\/wp\/v2\/posts\/26539\/revisions\/26540"}],"wp:featuredmedia":[{"embeddable":true,"href":"https:\/\/atitudenoticias.com.br\/index.php?rest_route=\/wp\/v2\/media\/21690"}],"wp:attachment":[{"href":"https:\/\/atitudenoticias.com.br\/index.php?rest_route=%2Fwp%2Fv2%2Fmedia&parent=26539"}],"wp:term":[{"taxonomy":"category","embeddable":true,"href":"https:\/\/atitudenoticias.com.br\/index.php?rest_route=%2Fwp%2Fv2%2Fcategories&post=26539"},{"taxonomy":"post_tag","embeddable":true,"href":"https:\/\/atitudenoticias.com.br\/index.php?rest_route=%2Fwp%2Fv2%2Ftags&post=26539"}],"curies":[{"name":"wp","href":"https:\/\/api.w.org\/{rel}","templated":true}]}}