{"id":26541,"date":"2026-09-02T17:14:50","date_gmt":"2026-09-02T20:14:50","guid":{"rendered":"https:\/\/atitudenoticias.com.br\/?p=26541"},"modified":"2026-09-02T17:14:51","modified_gmt":"2026-09-02T20:14:51","slug":"brasil-participa-de-pesquisa-inedita-que-busca-a-cura-da-hepatite-b","status":"publish","type":"post","link":"https:\/\/atitudenoticias.com.br\/?p=26541","title":{"rendered":"Brasil participa de pesquisa in\u00e9dita que busca a cura da hepatite B"},"content":{"rendered":"\n<p class=\"has-text-align-center wp-block-paragraph\"><em><strong>Estudo global contar\u00e1 com 150 volunt\u00e1rios no pa\u00eds<\/strong><\/em><\/p>\n\n\n\n<p class=\"wp-block-paragraph\">Duas universidades p\u00fablicas&nbsp;brasileiras se uniram&nbsp;a institui\u00e7\u00f5es internacionais na busca de novos tratamentos e at\u00e9 mesmo de uma&nbsp;cura para a hepatite B.<img decoding=\"async\" src=\"https:\/\/agenciabrasil.ebc.com.br\/ebc.png?id=1700702&amp;o=node\"><img decoding=\"async\" src=\"https:\/\/agenciabrasil.ebc.com.br\/ebc.gif?id=1700702&amp;o=node\"><\/p>\n\n\n\n<p class=\"wp-block-paragraph\">O cons\u00f3rcio \u00e9 liderado pela Faculdade de Medicina da Universidade Johns Hopkins, nos Estados Unidos, e \u00e9 composto por grupos de pesquisa do Brasil, \u00cdndia, Senegal e Uganda. O Brasil \u00e9 representado pelo Hospital Universit\u00e1rio Cassiano Ant\u00f4nio Moraes da Universidade Federal do Esp\u00edrito Santo (Hucam-Ufes) e pela Universidade de S\u00e3o Paulo (USP).<\/p>\n\n\n\n<p class=\"wp-block-paragraph\">A pesquisa global ir\u00e1 observar, a n\u00edvel celular, tanto o comportamento do v\u00edrus em pacientes de diferentes pa\u00edses&nbsp;como as respostas imunol\u00f3gicas das pessoas infectadas. Ser\u00e3o analisadas tamb\u00e9m pessoas infectadas ao mesmo tempo por hepatite B e HIV.<\/p>\n\n\n\n<p class=\"wp-block-paragraph\">\u201cA hepatite B n\u00e3o tem cura, esse \u00e9 o grande objetivo global\u201d, diz a professora do Hucam-Ufes, refer\u00eancia no assunto, T\u00e2nia Reuter. \u201cO primeiro objetivo \u00e9 eliminar as hepatites virais, no nosso caso aqui, eliminar a hepatite B como problema de sa\u00fade p\u00fablica at\u00e9 2030\u201d, enfatiza.<\/p>\n\n\n\n<h2 class=\"wp-block-heading\">Pesquisa in\u00e9dita<\/h2>\n\n\n\n<p class=\"wp-block-paragraph\">O cons\u00f3rcio foi criado em 2023, mas acabou sendo suspenso em 2024 e&nbsp;retomado no ano seguinte. No Brasil, o estudo teve in\u00edcio este ano e dever\u00e1 durar cerca de 5 anos. A metodologia integra pesquisa cient\u00edfica b\u00e1sica com pr\u00e1tica cl\u00ednica.<\/p>\n\n\n\n<p class=\"wp-block-paragraph\">Reuter explica que os pesquisadores ir\u00e3o observar 600 pacientes com hepatite B e com a coinfec\u00e7\u00e3o por hepatite B e HIV&nbsp;por cerca de quatro anos e meio cada. Ser\u00e3o 150 pacientes de cada pa\u00eds. Desses, 75 ser\u00e3o analisados pela equipe dela.<\/p>\n\n\n\n<p class=\"wp-block-paragraph\"><strong>O estudo pretende identificar o que faz com que o v\u00edrus evolua diferentemente em cada paciente<\/strong>, quais caracter\u00edsticas gen\u00e9ticas&nbsp;s\u00e3o capazes de proteger as pessoas de uma evolu\u00e7\u00e3o mais r\u00e1pida e quais subpart\u00edculas do v\u00edrus podem funcionar como preditores de cura ou de tratamento.<\/p>\n\n\n\n<blockquote class=\"wp-block-quote is-layout-flow wp-block-quote-is-layout-flow\">\n<p class=\"wp-block-paragraph\">&#8220;Eu quero descobrir alvos que possam auxiliar no manejo para cura da hepatite B\u201d, explica a pesquisadora. &#8220;[O que for achado] pode ser um alvo para desenvolvimento de f\u00e1rmacos, sejam imunoestimuladores, imunomodulador, etc&#8221;, diz.&nbsp;<\/p>\n<\/blockquote>\n\n\n\n<p class=\"wp-block-paragraph\">Reuter iniciou o recrutamento dos pacientes em julho e, at\u00e9 o momento, conta com 40 participantes. Ela pretende ter o grupo de 75 completo at\u00e9 o final deste ano. O prazo dado pela pesquisa \u00e9 at\u00e9 meados de 2027.<\/p>\n\n\n\n<p class=\"wp-block-paragraph\">\u201cO v\u00edrus da hepatite B \u00e9 um dos maiores causadores de c\u00e2ncer hep\u00e1tico. C\u00e2ncer prim\u00e1rio de f\u00edgado ou hepatocarcinoma\u201d, diz. \u201cA gente est\u00e1 aqui trabalhando para mitigar a evolu\u00e7\u00e3o de cirrose e c\u00e2ncer hep\u00e1tico\u201d, enfatiza Reuter.<\/p>\n\n\n\n<h2 class=\"wp-block-heading\">Hepatite B<\/h2>\n\n\n\n<p class=\"wp-block-paragraph\">A hepatite B \u00e9 uma doen\u00e7a viral silenciosa que ataca o f\u00edgado. Ela ainda n\u00e3o tem cura e a progress\u00e3o pode levar a quadros de cirrose, c\u00e2ncer hep\u00e1tico e morte. Segundo a OMS, cerca de 240 milh\u00f5es de pessoas vivem com infec\u00e7\u00e3o cr\u00f4nica, segundo dados de 2024.<\/p>\n\n\n\n<p class=\"wp-block-paragraph\"><strong>Somente no Brasil, segundo o Minist\u00e9rio da Sa\u00fade, 276,6 mil casos foram confirmados entre 2000 a 2022.<\/strong><\/p>\n\n\n\n<p class=\"wp-block-paragraph\">A hepatite B pode ser transmitida sexualmente e por contato com sangue contaminado, inclusive durante a gesta\u00e7\u00e3o ou no parto, passando da m\u00e3e para o beb\u00ea. De acordo com a Sociedade Brasileira de Cl\u00ednica M\u00e9dica,&nbsp;<strong>o v\u00edrus do tipo B \u00e9 100 vezes mais contagioso que o HIV<\/strong>.&nbsp;<\/p>\n\n\n\n<p class=\"wp-block-paragraph\">A meta global da OMS \u00e9 erradicar o HIV, as hepatites virais e as infec\u00e7\u00f5es sexualmente transmiss\u00edvel (ISTs) como amea\u00e7as \u00e0 sa\u00fade p\u00fablica at\u00e9 2030. Segundo relat\u00f3rio da organiza\u00e7\u00e3o divulgado em julho deste ano, as infec\u00e7\u00f5es por hepatites virais anuais ca\u00edram 32% globalmente desde 2015, refletindo o aumento na cobertura da vacina\u00e7\u00e3o infantil, que alcan\u00e7ou 84% em 2024.<\/p>\n\n\n\n<h2 class=\"wp-block-heading\">Preven\u00e7\u00e3o<\/h2>\n\n\n\n<p class=\"wp-block-paragraph\">De acordo com o Minist\u00e9rio da Sa\u00fade, a principal forma de preven\u00e7\u00e3o \u00e9 a vacina, que est\u00e1 dispon\u00edvel no Sistema \u00danico de Sa\u00fade (SUS) para todas as pessoas n\u00e3o vacinadas, independentemente da idade.<\/p>\n\n\n\n<p class=\"wp-block-paragraph\">Para crian\u00e7as, a recomenda\u00e7\u00e3o \u00e9 que se fa\u00e7am quatro doses da vacina, sendo: ao nascer, aos 2, 4 e 6 meses de idade. J\u00e1 para a popula\u00e7\u00e3o adulta, via de regra, o esquema completo se d\u00e1 com aplica\u00e7\u00e3o de tr\u00eas doses.<\/p>\n\n\n\n<p class=\"wp-block-paragraph\">Outras formas de preven\u00e7\u00e3o s\u00e3o uso de preservativo interno e externo em todas as rela\u00e7\u00f5es sexuais e n\u00e3o compartilhar objetos perfurocortantes e os de uso pessoal.<em><strong> (EBC)<\/strong><\/em><\/p>\n","protected":false},"excerpt":{"rendered":"<p>Estudo global contar\u00e1 com 150 volunt\u00e1rios no pa\u00eds Duas universidades p\u00fablicas&nbsp;brasileiras se uniram&nbsp;a institui\u00e7\u00f5es internacionais&hellip;<\/p>\n","protected":false},"author":2,"featured_media":26542,"comment_status":"open","ping_status":"open","sticky":false,"template":"","format":"standard","meta":{"footnotes":""},"categories":[20,25],"tags":[],"class_list":["post-26541","post","type-post","status-publish","format-standard","has-post-thumbnail","hentry","category-brasil","category-saude"],"_links":{"self":[{"href":"https:\/\/atitudenoticias.com.br\/index.php?rest_route=\/wp\/v2\/posts\/26541","targetHints":{"allow":["GET"]}}],"collection":[{"href":"https:\/\/atitudenoticias.com.br\/index.php?rest_route=\/wp\/v2\/posts"}],"about":[{"href":"https:\/\/atitudenoticias.com.br\/index.php?rest_route=\/wp\/v2\/types\/post"}],"author":[{"embeddable":true,"href":"https:\/\/atitudenoticias.com.br\/index.php?rest_route=\/wp\/v2\/users\/2"}],"replies":[{"embeddable":true,"href":"https:\/\/atitudenoticias.com.br\/index.php?rest_route=%2Fwp%2Fv2%2Fcomments&post=26541"}],"version-history":[{"count":1,"href":"https:\/\/atitudenoticias.com.br\/index.php?rest_route=\/wp\/v2\/posts\/26541\/revisions"}],"predecessor-version":[{"id":26543,"href":"https:\/\/atitudenoticias.com.br\/index.php?rest_route=\/wp\/v2\/posts\/26541\/revisions\/26543"}],"wp:featuredmedia":[{"embeddable":true,"href":"https:\/\/atitudenoticias.com.br\/index.php?rest_route=\/wp\/v2\/media\/26542"}],"wp:attachment":[{"href":"https:\/\/atitudenoticias.com.br\/index.php?rest_route=%2Fwp%2Fv2%2Fmedia&parent=26541"}],"wp:term":[{"taxonomy":"category","embeddable":true,"href":"https:\/\/atitudenoticias.com.br\/index.php?rest_route=%2Fwp%2Fv2%2Fcategories&post=26541"},{"taxonomy":"post_tag","embeddable":true,"href":"https:\/\/atitudenoticias.com.br\/index.php?rest_route=%2Fwp%2Fv2%2Ftags&post=26541"}],"curies":[{"name":"wp","href":"https:\/\/api.w.org\/{rel}","templated":true}]}}