{"id":26544,"date":"2026-09-02T17:23:25","date_gmt":"2026-09-02T20:23:25","guid":{"rendered":"https:\/\/atitudenoticias.com.br\/?p=26544"},"modified":"2026-09-02T17:23:27","modified_gmt":"2026-09-02T20:23:27","slug":"justica-da-prazo-para-ferry-boat-corrigir-falhas-contra-incendio-sob-pena-de-multa-de-r-10-mil-por-dia","status":"publish","type":"post","link":"https:\/\/atitudenoticias.com.br\/?p=26544","title":{"rendered":"Justi\u00e7a d\u00e1 prazo para ferry-boat corrigir falhas contra inc\u00eandio sob pena de multa de R$ 10 mil por dia"},"content":{"rendered":"\n<p class=\"has-text-align-center wp-block-paragraph\"><strong><em>Decis\u00e3o determina cria\u00e7\u00e3o de brigada, instala\u00e7\u00e3o de sensores, hidrantes e outros equipamentos no terminal de S\u00e3o Joaquim<\/em><\/strong><\/p>\n\n\n\n<p class=\"wp-block-paragraph\">A Justi\u00e7a determinou que a empresa respons\u00e1vel pelo sistema ferry-boat em Salvador adote uma s\u00e9rie de medidas para prevenir e combater inc\u00eandios no terminal de S\u00e3o Joaquim. A decis\u00e3o estabelece prazos de 30 a 120 dias para a corre\u00e7\u00e3o das falhas e prev\u00ea multa di\u00e1ria de R$ 10 mil em caso de descumprimento. A liminar foi concedida em uma a\u00e7\u00e3o civil p\u00fablica movida pelo Minist\u00e9rio P\u00fablico do Trabalho (MPT) contra a Internacional Travessias Salvador S.A. e seus tr\u00eas s\u00f3cios administradores. O processo tramita na 31\u00aa Vara do Trabalho de Salvador.<\/p>\n\n\n\n<p class=\"wp-block-paragraph\">A a\u00e7\u00e3o foi apresentada depois que um inqu\u00e9rito identificou problemas relacionados \u00e0s normas de sa\u00fade e seguran\u00e7a do trabalho. Segundo o MPT, a empresa foi procurada para tentar solucionar as irregularidades por meio de um Termo de Ajustamento de Conduta (TAC), mas o acordo n\u00e3o avan\u00e7ou.<\/p>\n\n\n\n<p class=\"wp-block-paragraph\"><strong>Falhas foram encontradas no terminal<\/strong><\/p>\n\n\n\n<p class=\"wp-block-paragraph\">De acordo com o MPT e o Corpo de Bombeiros Militar da Bahia, foram identificados riscos ambientais em diferentes \u00e1reas do terminal, com potencial de atingir trabalhadores, passageiros e pessoas que atuam no entorno.<\/p>\n\n\n\n<p class=\"wp-block-paragraph\"><strong>Entre os problemas apontados est\u00e3o:<\/strong><\/p>\n\n\n\n<ul class=\"wp-block-list\">\n<li>aus\u00eancia do Auto de Vistoria do Corpo de Bombeiros;<\/li>\n\n\n\n<li>falta de um Projeto T\u00e9cnico de Seguran\u00e7a Contra Inc\u00eandio e P\u00e2nico aprovado;<\/li>\n\n\n\n<li>problemas nas sa\u00eddas de emerg\u00eancia;<\/li>\n\n\n\n<li>sinaliza\u00e7\u00e3o e ilumina\u00e7\u00e3o prec\u00e1rias;<\/li>\n\n\n\n<li>aus\u00eancia de brigada de inc\u00eandio;<\/li>\n\n\n\n<li>falta de extintores e hidrantes adequados;<\/li>\n\n\n\n<li>aus\u00eancia de mangotinhos;<\/li>\n\n\n\n<li>falta de sistema autom\u00e1tico de detec\u00e7\u00e3o de fuma\u00e7a;<\/li>\n\n\n\n<li>inexist\u00eancia de sistema de combate por espuma.<\/li>\n<\/ul>\n\n\n\n<p class=\"wp-block-paragraph\">O risco \u00e9 considerado ainda maior devido \u00e0 exist\u00eancia de tanques para armazenamento de l\u00edquidos combust\u00edveis no local.<\/p>\n\n\n\n<p class=\"wp-block-paragraph\"><strong>Empresa ter\u00e1 prazos diferentes para cada medida<\/strong><\/p>\n\n\n\n<p class=\"wp-block-paragraph\">O juiz Andr\u00e9 Oliveira Neves, titular da 31\u00aa Vara do Trabalho de Salvador, atendeu parcialmente aos pedidos apresentados pelo MPT e estabeleceu um cronograma para a adequa\u00e7\u00e3o do terminal. Em 30 dias, a empresa dever\u00e1 instalar sinaliza\u00e7\u00e3o de emerg\u00eancia e formar uma brigada de inc\u00eandio.<\/p>\n\n\n\n<p class=\"wp-block-paragraph\">Em 60 dias, dever\u00e1 entregar ao Corpo de Bombeiros o Projeto T\u00e9cnico de Seguran\u00e7a Contra Inc\u00eandio e P\u00e2nico, acompanhado do memorial descritivo e da planta baixa do sistema de resfriamento dos tanques de combust\u00edvel, para an\u00e1lise. J\u00e1 as medidas mais amplas de prote\u00e7\u00e3o ter\u00e3o prazo de 120 dias. Entre elas est\u00e3o a adequa\u00e7\u00e3o das sa\u00eddas de emerg\u00eancia e a instala\u00e7\u00e3o de ilumina\u00e7\u00e3o de emerg\u00eancia, extintores, hidrantes, sistemas de combate por espuma e sensores de fuma\u00e7a.<\/p>\n\n\n\n<p class=\"wp-block-paragraph\"><strong>Alertas sobre os riscos come\u00e7aram em 2025<\/strong><\/p>\n\n\n\n<p class=\"wp-block-paragraph\">Segundo os documentos apresentados no processo, os problemas de seguran\u00e7a j\u00e1 haviam sido apontados desde setembro de 2025. O MPT afirma que a presen\u00e7a de l\u00edquidos combust\u00edveis exige o cumprimento de requisitos espec\u00edficos previstos na norma t\u00e9cnica NBR 17505-7, incluindo plantas detalhadas e sistemas de resfriamento e prote\u00e7\u00e3o.&nbsp;Diante da continuidade das irregularidades, o Minist\u00e9rio P\u00fablico tentou resolver a situa\u00e7\u00e3o administrativamente por meio de um TAC. Como a negocia\u00e7\u00e3o n\u00e3o avan\u00e7ou, o \u00f3rg\u00e3o recorreu \u00e0 Justi\u00e7a.<\/p>\n\n\n\n<p class=\"wp-block-paragraph\"><strong>Multa pode chegar a R$ 1 milh\u00e3o<\/strong><\/p>\n\n\n\n<p class=\"wp-block-paragraph\">Caso alguma das determina\u00e7\u00f5es seja descumprida sem justificativa, ser\u00e1 aplicada multa di\u00e1ria de R$ 10 mil por obriga\u00e7\u00e3o violada, inicialmente limitada a R$ 1 milh\u00e3o. A responsabilidade pelo pagamento \u00e9 solid\u00e1ria entre a empresa e os tr\u00eas s\u00f3cios administradores: Luiz Carlos Cantanhede Fernandes, Cristiano Barroso Fernandes e Rodrigo Fernandes e Fernandes.<\/p>\n\n\n\n<p class=\"wp-block-paragraph\">O MPT tamb\u00e9m havia pedido que a \u00e1rea considerada de risco fosse automaticamente interditada depois do 60\u00ba dia. O juiz, por\u00e9m, decidiu reavaliar essa possibilidade posteriormente, de acordo com o andamento do cronograma e o cumprimento das medidas determinadas. As partes t\u00eam audi\u00eancia judicial marcada para 25 de novembro.<em><strong> (Correio24hs)<\/strong><\/em><\/p>\n\n\n\n<p class=\"wp-block-paragraph\"><\/p>\n","protected":false},"excerpt":{"rendered":"<p>Decis\u00e3o determina cria\u00e7\u00e3o de brigada, instala\u00e7\u00e3o de sensores, hidrantes e outros equipamentos no terminal de&hellip;<\/p>\n","protected":false},"author":2,"featured_media":26545,"comment_status":"open","ping_status":"open","sticky":false,"template":"","format":"standard","meta":{"footnotes":""},"categories":[22],"tags":[],"class_list":["post-26544","post","type-post","status-publish","format-standard","has-post-thumbnail","hentry","category-bahia"],"_links":{"self":[{"href":"https:\/\/atitudenoticias.com.br\/index.php?rest_route=\/wp\/v2\/posts\/26544","targetHints":{"allow":["GET"]}}],"collection":[{"href":"https:\/\/atitudenoticias.com.br\/index.php?rest_route=\/wp\/v2\/posts"}],"about":[{"href":"https:\/\/atitudenoticias.com.br\/index.php?rest_route=\/wp\/v2\/types\/post"}],"author":[{"embeddable":true,"href":"https:\/\/atitudenoticias.com.br\/index.php?rest_route=\/wp\/v2\/users\/2"}],"replies":[{"embeddable":true,"href":"https:\/\/atitudenoticias.com.br\/index.php?rest_route=%2Fwp%2Fv2%2Fcomments&post=26544"}],"version-history":[{"count":1,"href":"https:\/\/atitudenoticias.com.br\/index.php?rest_route=\/wp\/v2\/posts\/26544\/revisions"}],"predecessor-version":[{"id":26546,"href":"https:\/\/atitudenoticias.com.br\/index.php?rest_route=\/wp\/v2\/posts\/26544\/revisions\/26546"}],"wp:featuredmedia":[{"embeddable":true,"href":"https:\/\/atitudenoticias.com.br\/index.php?rest_route=\/wp\/v2\/media\/26545"}],"wp:attachment":[{"href":"https:\/\/atitudenoticias.com.br\/index.php?rest_route=%2Fwp%2Fv2%2Fmedia&parent=26544"}],"wp:term":[{"taxonomy":"category","embeddable":true,"href":"https:\/\/atitudenoticias.com.br\/index.php?rest_route=%2Fwp%2Fv2%2Fcategories&post=26544"},{"taxonomy":"post_tag","embeddable":true,"href":"https:\/\/atitudenoticias.com.br\/index.php?rest_route=%2Fwp%2Fv2%2Ftags&post=26544"}],"curies":[{"name":"wp","href":"https:\/\/api.w.org\/{rel}","templated":true}]}}