{"id":26547,"date":"2026-09-02T16:28:59","date_gmt":"2026-09-02T19:28:59","guid":{"rendered":"https:\/\/atitudenoticias.com.br\/?p=26547"},"modified":"2026-09-02T17:29:51","modified_gmt":"2026-09-02T20:29:51","slug":"transporte-coletivo-tera-gratuidade-durante-a-47a-expofeira","status":"publish","type":"post","link":"https:\/\/atitudenoticias.com.br\/?p=26547","title":{"rendered":"Transporte coletivo ter\u00e1 gratuidade durante a 47\u00aa Expofeira"},"content":{"rendered":"\n<p class=\"has-text-align-center wp-block-paragraph\"><em><strong>A gratuidade representa mais uma op\u00e7\u00e3o para que moradores e visitantes possam se deslocar at\u00e9 o evento com seguran\u00e7a e comodidade<\/strong><\/em><\/p>\n\n\n\n<p class=\"wp-block-paragraph\">O transporte coletivo urbano de Feira de Santana ter\u00e1 uma opera\u00e7\u00e3o especial durante a 47\u00aa Expofeira, que ser\u00e1 realizada de 6 a 13 de setembro, no Parque de Exposi\u00e7\u00f5es Jo\u00e3o Martins da Silva. Durante os oito dias do evento, os \u00f4nibus destinados \u00e0 opera\u00e7\u00e3o ter\u00e3o gratuidade para os passageiros.<\/p>\n\n\n\n<p class=\"wp-block-paragraph\">A a\u00e7\u00e3o \u00e9 coordenada pela Secretaria Municipal de Mobilidade Urbana (Semob), com participa\u00e7\u00e3o das empresas Rosa e S\u00e3o Jo\u00e3o. Os ve\u00edculos estar\u00e3o identificados com a inscri\u00e7\u00e3o \u201cEXPRESSO EXPOFEIRA \u2013 TRANSPORTE GRATUITO\u201d, facilitando a identifica\u00e7\u00e3o por parte dos usu\u00e1rios.<\/p>\n\n\n\n<p class=\"wp-block-paragraph\">Segundo o secret\u00e1rio de Mobilidade Urbana, Josivaldo Santana, a opera\u00e7\u00e3o foi planejada para garantir uma alternativa de deslocamento ao p\u00fablico que ir\u00e1 participar da programa\u00e7\u00e3o da Expofeira. \u201cA opera\u00e7\u00e3o especial foi organizada para atender \u00e0 demanda durante os dias da Expofeira e facilitar o acesso da popula\u00e7\u00e3o ao Parque de Exposi\u00e7\u00f5es. A gratuidade representa mais uma op\u00e7\u00e3o para que moradores e visitantes possam se deslocar at\u00e9 o evento com seguran\u00e7a e comodidade\u201d, afirmou.<\/p>\n\n\n\n<p class=\"wp-block-paragraph\">Os \u00f4nibus circular\u00e3o pela BR-324, com destino ao Parque de Exposi\u00e7\u00f5es, durante o per\u00edodo de realiza\u00e7\u00e3o da feira, o acesso de carros particulares dever\u00e1 ser realizado atrav\u00e9s da Avenida N\u00f3ide Cerqueira. A opera\u00e7\u00e3o especial considera o aumento do fluxo de passageiros provocado pelo evento e busca contribuir para a organiza\u00e7\u00e3o do transporte coletivo nos dias de maior movimenta\u00e7\u00e3o.<\/p>\n\n\n\n<p class=\"wp-block-paragraph\">Al\u00e9m dos ve\u00edculos destinados ao transporte gratuito, a Semob tamb\u00e9m adotar\u00e1 uma programa\u00e7\u00e3o especial para o funcionamento do Terminal Central. Nos dias 6, 7, 12 e 13 de setembro, o terminal funcionar\u00e1 at\u00e9 as 23h, ampliando o per\u00edodo de atendimento aos passageiros.<\/p>\n\n\n\n<p class=\"wp-block-paragraph\">A medida tamb\u00e9m contribui para o retorno do p\u00fablico ap\u00f3s o encerramento das atividades da Expofeira, especialmente nos dias de maior movimenta\u00e7\u00e3o. A orienta\u00e7\u00e3o \u00e9 que os passageiros observem a identifica\u00e7\u00e3o dos ve\u00edculos destinados \u00e0 opera\u00e7\u00e3o especial.<\/p>\n\n\n\n<p class=\"wp-block-paragraph\">A 47\u00aa Expofeira re\u00fane programa\u00e7\u00e3o voltada aos setores agropecu\u00e1rio, comercial, cultural e de entretenimento e deve atrair moradores de Feira de Santana e visitantes de outras cidades. A opera\u00e7\u00e3o especial de transporte integra o planejamento da mobilidade urbana do munic\u00edpio para o per\u00edodo da feira.<\/p>\n\n\n\n<p class=\"wp-block-paragraph\">Com a gratuidade nos \u00f4nibus destinados \u00e0 opera\u00e7\u00e3o e a amplia\u00e7\u00e3o do funcionamento do Terminal Central em dias espec\u00edficos, a Prefeitura busca oferecer alternativas de deslocamento ao p\u00fablico durante os oito dias de realiza\u00e7\u00e3o da Expofeira. <em><strong>(SECOM\/PMFS)<\/strong><\/em><\/p>\n","protected":false},"excerpt":{"rendered":"<p>A gratuidade representa mais uma op\u00e7\u00e3o para que moradores e visitantes possam se deslocar at\u00e9&hellip;<\/p>\n","protected":false},"author":2,"featured_media":26548,"comment_status":"open","ping_status":"open","sticky":false,"template":"","format":"standard","meta":{"footnotes":""},"categories":[76,58,65],"tags":[],"class_list":["post-26547","post","type-post","status-publish","format-standard","has-post-thumbnail","hentry","category-agronegocios","category-feira-de-santana","category-transito"],"_links":{"self":[{"href":"https:\/\/atitudenoticias.com.br\/index.php?rest_route=\/wp\/v2\/posts\/26547","targetHints":{"allow":["GET"]}}],"collection":[{"href":"https:\/\/atitudenoticias.com.br\/index.php?rest_route=\/wp\/v2\/posts"}],"about":[{"href":"https:\/\/atitudenoticias.com.br\/index.php?rest_route=\/wp\/v2\/types\/post"}],"author":[{"embeddable":true,"href":"https:\/\/atitudenoticias.com.br\/index.php?rest_route=\/wp\/v2\/users\/2"}],"replies":[{"embeddable":true,"href":"https:\/\/atitudenoticias.com.br\/index.php?rest_route=%2Fwp%2Fv2%2Fcomments&post=26547"}],"version-history":[{"count":1,"href":"https:\/\/atitudenoticias.com.br\/index.php?rest_route=\/wp\/v2\/posts\/26547\/revisions"}],"predecessor-version":[{"id":26549,"href":"https:\/\/atitudenoticias.com.br\/index.php?rest_route=\/wp\/v2\/posts\/26547\/revisions\/26549"}],"wp:featuredmedia":[{"embeddable":true,"href":"https:\/\/atitudenoticias.com.br\/index.php?rest_route=\/wp\/v2\/media\/26548"}],"wp:attachment":[{"href":"https:\/\/atitudenoticias.com.br\/index.php?rest_route=%2Fwp%2Fv2%2Fmedia&parent=26547"}],"wp:term":[{"taxonomy":"category","embeddable":true,"href":"https:\/\/atitudenoticias.com.br\/index.php?rest_route=%2Fwp%2Fv2%2Fcategories&post=26547"},{"taxonomy":"post_tag","embeddable":true,"href":"https:\/\/atitudenoticias.com.br\/index.php?rest_route=%2Fwp%2Fv2%2Ftags&post=26547"}],"curies":[{"name":"wp","href":"https:\/\/api.w.org\/{rel}","templated":true}]}}