{"id":26552,"date":"2026-09-03T00:06:53","date_gmt":"2026-09-03T03:06:53","guid":{"rendered":"https:\/\/atitudenoticias.com.br\/?p=26552"},"modified":"2026-09-03T00:56:37","modified_gmt":"2026-09-03T03:56:37","slug":"prefeito-jose-ronaldo-encaminhou-ao-ministerio-publico-documentacao-referente-a-informacao-de-que-700-pessoas-morreram-na-fila-da-regulacao-no-municipio-em-2025","status":"publish","type":"post","link":"https:\/\/atitudenoticias.com.br\/?p=26552","title":{"rendered":"Jos\u00e9 Ronaldo encaminha ao Minist\u00e9rio P\u00fablico documenta\u00e7\u00e3o referente \u00e0 que 700 pessoas morreram na fila da regula\u00e7\u00e3o no munic\u00edpio em 2025"},"content":{"rendered":"\n<p class=\"wp-block-paragraph\"><strong>A Prefeitura de Feira de Santana esclarece que o prefeito Jos\u00e9 Ronaldo de Carvalho j\u00e1 encaminhou ao Minist\u00e9rio P\u00fablico Estadual documenta\u00e7\u00e3o referente \u00e0 informa\u00e7\u00e3o de que 700 pessoas morreram na fila da regula\u00e7\u00e3o no munic\u00edpio em 2025. A documenta\u00e7\u00e3o foi entregue ap\u00f3s o prefeito tornar p\u00fablica a informa\u00e7\u00e3o.<\/strong><\/p>\n\n\n\n<p class=\"wp-block-paragraph\"><strong>A gest\u00e3o municipal reafirma que as declara\u00e7\u00f5es feitas pelo prefeito est\u00e3o fundamentadas em informa\u00e7\u00f5es e documentos apresentados ao Minist\u00e9rio P\u00fablico, \u00f3rg\u00e3o competente para analisar o conte\u00fado, verificar os fatos e adotar as provid\u00eancias que considerar cab\u00edveis.<\/strong><\/p>\n\n\n\n<p class=\"wp-block-paragraph\"><strong>O prefeito Jos\u00e9 Ronaldo mant\u00e9m a posi\u00e7\u00e3o de que \u00e9 necess\u00e1rio discutir com transpar\u00eancia a situa\u00e7\u00e3o da regula\u00e7\u00e3o de pacientes e seus impactos sobre a popula\u00e7\u00e3o que depende da rede p\u00fablica estadual de sa\u00fade.<\/strong><\/p>\n\n\n\n<p class=\"wp-block-paragraph\"><strong>A Prefeitura ressalta, ainda, que a entrega da documenta\u00e7\u00e3o ao Minist\u00e9rio P\u00fablico representa justamente a disposi\u00e7\u00e3o da gest\u00e3o em submeter as informa\u00e7\u00f5es aos \u00f3rg\u00e3os de controle, permitindo a devida apura\u00e7\u00e3o dos fatos.<\/strong> (SECOM)<\/p>\n","protected":false},"excerpt":{"rendered":"<p>A Prefeitura de Feira de Santana esclarece que o prefeito Jos\u00e9 Ronaldo de Carvalho j\u00e1&hellip;<\/p>\n","protected":false},"author":2,"featured_media":26344,"comment_status":"open","ping_status":"open","sticky":false,"template":"","format":"standard","meta":{"footnotes":""},"categories":[58,25],"tags":[],"class_list":["post-26552","post","type-post","status-publish","format-standard","has-post-thumbnail","hentry","category-feira-de-santana","category-saude"],"_links":{"self":[{"href":"https:\/\/atitudenoticias.com.br\/index.php?rest_route=\/wp\/v2\/posts\/26552","targetHints":{"allow":["GET"]}}],"collection":[{"href":"https:\/\/atitudenoticias.com.br\/index.php?rest_route=\/wp\/v2\/posts"}],"about":[{"href":"https:\/\/atitudenoticias.com.br\/index.php?rest_route=\/wp\/v2\/types\/post"}],"author":[{"embeddable":true,"href":"https:\/\/atitudenoticias.com.br\/index.php?rest_route=\/wp\/v2\/users\/2"}],"replies":[{"embeddable":true,"href":"https:\/\/atitudenoticias.com.br\/index.php?rest_route=%2Fwp%2Fv2%2Fcomments&post=26552"}],"version-history":[{"count":3,"href":"https:\/\/atitudenoticias.com.br\/index.php?rest_route=\/wp\/v2\/posts\/26552\/revisions"}],"predecessor-version":[{"id":26564,"href":"https:\/\/atitudenoticias.com.br\/index.php?rest_route=\/wp\/v2\/posts\/26552\/revisions\/26564"}],"wp:featuredmedia":[{"embeddable":true,"href":"https:\/\/atitudenoticias.com.br\/index.php?rest_route=\/wp\/v2\/media\/26344"}],"wp:attachment":[{"href":"https:\/\/atitudenoticias.com.br\/index.php?rest_route=%2Fwp%2Fv2%2Fmedia&parent=26552"}],"wp:term":[{"taxonomy":"category","embeddable":true,"href":"https:\/\/atitudenoticias.com.br\/index.php?rest_route=%2Fwp%2Fv2%2Fcategories&post=26552"},{"taxonomy":"post_tag","embeddable":true,"href":"https:\/\/atitudenoticias.com.br\/index.php?rest_route=%2Fwp%2Fv2%2Ftags&post=26552"}],"curies":[{"name":"wp","href":"https:\/\/api.w.org\/{rel}","templated":true}]}}