{"id":26561,"date":"2026-09-03T00:42:09","date_gmt":"2026-09-03T03:42:09","guid":{"rendered":"https:\/\/atitudenoticias.com.br\/?p=26561"},"modified":"2026-09-03T00:42:10","modified_gmt":"2026-09-03T03:42:10","slug":"aeroporto-na-bahia-tem-atividades-suspensas-por-falta-de-licenca-ambiental","status":"publish","type":"post","link":"https:\/\/atitudenoticias.com.br\/?p=26561","title":{"rendered":"Aeroporto na Bahia tem atividades suspensas por falta de licen\u00e7a ambiental"},"content":{"rendered":"\n<p class=\"has-text-align-center wp-block-paragraph\"><em><strong>Empreendimento de Feira de Santana seguia em funcionamento desde dezembro do ano passado em solicita\u00e7\u00e3o de renova\u00e7\u00e3o<\/strong><\/em><\/p>\n\n\n\n<p class=\"wp-block-paragraph\">O Aeroporto de Feira de Santana, no interior da Bahia, teve suas atividades suspensas nesta quarta-feira (2), ap\u00f3s uma fiscaliza\u00e7\u00e3o identificar a aus\u00eancia de licenciamento ambiental. As opera\u00e7\u00f5es permanecem suspensas at\u00e9 que as irregularidades sejam solucionadas.<\/p>\n\n\n\n<p class=\"wp-block-paragraph\">De acordo com a Secretaria de Meio Ambiente da cidade, a licen\u00e7a ambiental do\u00a0empreendimento\u00a0venceu em dezembro do ano passado, mas, desde ent\u00e3o, n\u00e3o houve registro de protocolo com solicita\u00e7\u00e3o de renova\u00e7\u00e3o.<\/p>\n\n\n\n<p class=\"wp-block-paragraph\">Al\u00e9m da aus\u00eancia de licen\u00e7a v\u00e1lida, a fiscaliza\u00e7\u00e3o identificou que a empresa n\u00e3o estava cumprindo condicionantes ambientais estabelecidas em portaria.<\/p>\n\n\n\n<p class=\"wp-block-paragraph\">As condicionantes ambientais s\u00e3o obriga\u00e7\u00f5es t\u00e9cnicas e administrativas estabelecidas pelo \u00f3rg\u00e3o ambiental para autorizar e controlar o funcionamento de um empreendimento. As medidas incluem\u00a0procedimentos\u00a0como monitoramento, manuten\u00e7\u00e3o, gerenciamento de res\u00edduos, controle de riscos e outras a\u00e7\u00f5es necess\u00e1rias \u00e0 prote\u00e7\u00e3o do meio ambiente e da coletividade.<\/p>\n\n\n\n<p class=\"wp-block-paragraph\">As atividades do empreendimento foram suspensas at\u00e9 a regulariza\u00e7\u00e3o ambiental. \u201cA suspens\u00e3o \u00e9 uma medida preventiva e tempor\u00e1ria. Assim que as pend\u00eancias forem solucionadas e as exig\u00eancias ambientais forem devidamente cumpridas, o processo poder\u00e1 avan\u00e7ar para a regulariza\u00e7\u00e3o. O que buscamos \u00e9 garantir que o empreendimento opere com seguran\u00e7a ambiental e dentro da legisla\u00e7\u00e3o\u201d, explicou a representante da pasta, Jaciara Costa.<em><strong> (Correio24hs)<\/strong><\/em><\/p>\n\n\n\n<p class=\"wp-block-paragraph\"><\/p>\n","protected":false},"excerpt":{"rendered":"<p>Empreendimento de Feira de Santana seguia em funcionamento desde dezembro do ano passado em solicita\u00e7\u00e3o&hellip;<\/p>\n","protected":false},"author":2,"featured_media":26562,"comment_status":"open","ping_status":"open","sticky":false,"template":"","format":"standard","meta":{"footnotes":""},"categories":[22],"tags":[],"class_list":["post-26561","post","type-post","status-publish","format-standard","has-post-thumbnail","hentry","category-bahia"],"_links":{"self":[{"href":"https:\/\/atitudenoticias.com.br\/index.php?rest_route=\/wp\/v2\/posts\/26561","targetHints":{"allow":["GET"]}}],"collection":[{"href":"https:\/\/atitudenoticias.com.br\/index.php?rest_route=\/wp\/v2\/posts"}],"about":[{"href":"https:\/\/atitudenoticias.com.br\/index.php?rest_route=\/wp\/v2\/types\/post"}],"author":[{"embeddable":true,"href":"https:\/\/atitudenoticias.com.br\/index.php?rest_route=\/wp\/v2\/users\/2"}],"replies":[{"embeddable":true,"href":"https:\/\/atitudenoticias.com.br\/index.php?rest_route=%2Fwp%2Fv2%2Fcomments&post=26561"}],"version-history":[{"count":1,"href":"https:\/\/atitudenoticias.com.br\/index.php?rest_route=\/wp\/v2\/posts\/26561\/revisions"}],"predecessor-version":[{"id":26563,"href":"https:\/\/atitudenoticias.com.br\/index.php?rest_route=\/wp\/v2\/posts\/26561\/revisions\/26563"}],"wp:featuredmedia":[{"embeddable":true,"href":"https:\/\/atitudenoticias.com.br\/index.php?rest_route=\/wp\/v2\/media\/26562"}],"wp:attachment":[{"href":"https:\/\/atitudenoticias.com.br\/index.php?rest_route=%2Fwp%2Fv2%2Fmedia&parent=26561"}],"wp:term":[{"taxonomy":"category","embeddable":true,"href":"https:\/\/atitudenoticias.com.br\/index.php?rest_route=%2Fwp%2Fv2%2Fcategories&post=26561"},{"taxonomy":"post_tag","embeddable":true,"href":"https:\/\/atitudenoticias.com.br\/index.php?rest_route=%2Fwp%2Fv2%2Ftags&post=26561"}],"curies":[{"name":"wp","href":"https:\/\/api.w.org\/{rel}","templated":true}]}}