{"id":26565,"date":"2026-09-03T01:10:50","date_gmt":"2026-09-03T04:10:50","guid":{"rendered":"https:\/\/atitudenoticias.com.br\/?p=26565"},"modified":"2026-09-03T01:10:51","modified_gmt":"2026-09-03T04:10:51","slug":"vitoria-e-derrotado-novamente-pelo-vasco-e-da-adeus-a-copa-do-brasil","status":"publish","type":"post","link":"https:\/\/atitudenoticias.com.br\/?p=26565","title":{"rendered":"Vit\u00f3ria \u00e9 derrotado novamente pelo Vasco e d\u00e1 adeus \u00e0 Copa do Brasil"},"content":{"rendered":"\n<p class=\"has-text-align-center wp-block-paragraph\"><em><strong>Le\u00e3o jogou mal e foi derrotado por 2&#215;0 no Barrad\u00e3o<\/strong><\/em><\/p>\n\n\n\n<p class=\"wp-block-paragraph\">Com uma atua\u00e7\u00e3o\u00a0ap\u00e1tica, o Vit\u00f3ria foi derrotado pelo Vasco na noite desta quarta-feira (2), no Barrad\u00e3o, e acabou eliminado da Copa do Brasil nas quartas de final. Ap\u00f3s perder o jogo de ida no Rio de Janeiro por 1&#215;0, com gol de Andr\u00e9s G\u00f3mez, o time voltou a ser superado, desta vez por 2&#215;0, e n\u00e3o conseguiu buscar uma virada, como havia feito contra Flamengo e Athletico-PR nas fases anteriores.<\/p>\n\n\n\n<p class=\"wp-block-paragraph\">Mesmo precisando vencer para levar a decis\u00e3o da vaga, ao menos, para os p\u00eanaltis, o Le\u00e3o da Barra fez um jogo ruim do come\u00e7o ao fim. O time teve mais posse de bola, mas n\u00e3o conseguiu criar uma chance clara durante toda a partida, \u00e0 exce\u00e7\u00e3o do gol anulado de Luan C\u00e2ndido. Enquanto isso, o Vasco soube explorar os contra-ataques e poderia at\u00e9 ter vencido por um placar mais el\u00e1stico, mas ficou \u201cs\u00f3\u201d no 2&#215;0, gra\u00e7as aos gols de Andr\u00e9s G\u00f3mez e Puma Rodr\u00edguez, j\u00e1 na reta final da partida.<\/p>\n\n\n\n<p class=\"wp-block-paragraph\">Fora da Copa do Brasil, o Vit\u00f3ria volta todas as suas aten\u00e7\u00f5es para o Campeonato Brasileiro, onde atualmente ocupa a 13\u00aa coloca\u00e7\u00e3o, com 29 pontos, apenas quatro \u00e0 frente do pr\u00f3prio Vasco, que abre a zona de rebaixamento, mas tem um jogo a menos. Buscando reagir ap\u00f3s a elimina\u00e7\u00e3o e subir na tabela, o time volta a\u00a0campo \u00a0contra o Gr\u00eamio na pr\u00f3xima segunda-feira (7), \u00e0s 20h, no Barrad\u00e3o, pela 26\u00aa rodada.<\/p>\n\n\n\n<h2 class=\"wp-block-heading\">O JOGO<\/h2>\n\n\n\n<p class=\"wp-block-paragraph\">Precisando correr atr\u00e1s do resultado e embalado pela torcida no Barrad\u00e3o, o Vit\u00f3ria come\u00e7ou a partida com muito mais posse de bola. No entanto, mesmo com uma forma\u00e7\u00e3o mais ofensiva, com Matheuzinho de meia, Erick, Kayzer e Tarzia no ataque, a equipe de Jair Ventura enfrentava um problema recorrente dos \u00faltimos jogos: a falta de criatividade.<\/p>\n\n\n\n<p class=\"wp-block-paragraph\">O Le\u00e3o tinha mais a bola, mas pouco conseguia fazer com ela, limitando-se a trocar passes de lado, demonstrando muita dificuldade para furar a retranca vasca\u00edna. Ainda assim, na base dos trancos e barrancos e apostando nas bolas a\u00e9reas, o time conseguiu criar duas chances. Primeiro, ap\u00f3s um bate-rebate na \u00e1rea, a bola sobrou para Kayzer, que cabeceou para fora. Pouco depois, em cobran\u00e7a de falta al\u00e7ada na \u00e1rea, a bola ficou com Matheuzinho, que testou para defesa tranquila de L\u00e9o Jardim.<\/p>\n\n\n\n<p class=\"wp-block-paragraph\">O Vit\u00f3ria seguiu com mais posse, mas sem conseguir gerar volume de jogo durante boa parte da primeira etapa. Enquanto isso, o Vasco foi pouco a pouco entrando na partida, aproveitando-se principalmente dos erros na sa\u00edda de bola rubro-negra. Foi dessa forma que o Cruzmaltino quase abriu o placar aos 29 minutos. Spinelli recebeu cruzamento perfeito de Piton, que havia roubado a bola de Matheus Silva, e cabeceou na trave. <\/p>\n\n\n\n<p class=\"wp-block-paragraph\">Na reta final da primeira etapa, o jogo ficou mais aberto, com os dois times criando mais oportunidades. O Vit\u00f3ria assustou ap\u00f3s falta cobrada por Mateus Silva, que passou por todo mundo e obrigou L\u00e9o Jardim a fazer uma defesa no susto. Explorando os contragolpes, o Vasco respondeu com uma cabe\u00e7ada de Ramon Rique, que passou tirando tinta da trave, al\u00e9m de uma perigosa jogada individual de Andr\u00e9s G\u00f3mez. Antes do intervalo, o Le\u00e3o ainda chegou a carimbar o travess\u00e3o em uma cabe\u00e7ada de Kayzer.<\/p>\n\n\n\n<p class=\"wp-block-paragraph\">O segundo tempo come\u00e7ou com o Vasco levando o jogo em banho-maria, mas, novamente na bola parada, o Le\u00e3o conseguiu inflamar a torcida no Barrad\u00e3o. Aos nove minutos, Tarzia al\u00e7ou falta da intermedi\u00e1ria na \u00e1rea, Luan C\u00e2ndido desviou de cabe\u00e7a e, quando a bola j\u00e1 estava em cima da linha, Cac\u00e1 complementou para o fundo das redes. O tento, no entanto, foi anulado pelo sistema de impedimento semiautom\u00e1tico, que flagrou C\u00e2ndido em posi\u00e7\u00e3o irregular por mil\u00edmetros.<\/p>\n\n\n\n<p class=\"wp-block-paragraph\">Apesar da frustra\u00e7\u00e3o, o lance acordou a torcida rubro-negra, que passou a cantar ainda mais alto no Barrad\u00e3o. Dentro de campo, por\u00e9m, os jogadores n\u00e3o correspondiam ao apoio vindo das arquibancadas. Embora tivesse voltado a ficar mais com a bola e demonstrasse vontade, o time simplesmente n\u00e3o sabia o que fazer com ela. O Vit\u00f3ria tinha muita dificuldade para romper a primeira linha de marca\u00e7\u00e3o vasca\u00edna, que sequer pressionava tanto, e, quando conseguia se aproximar da \u00e1rea advers\u00e1ria, a criatividade era praticamente nula.<\/p>\n\n\n\n<p class=\"wp-block-paragraph\">Vendo o time sem esbo\u00e7ar nenhum sinal de rea\u00e7\u00e3o em campo, Jair Ventura foi para o tudo ou nada aos 27 minutos, quando sacou Cac\u00e1 para a entrada de Marinho. A mexida, no entanto, al\u00e9m de n\u00e3o melhorar o time ofensivamente, deixou o Vit\u00f3ria muito mais exposto defensivamente.<\/p>\n\n\n\n<p class=\"wp-block-paragraph\">Contra um Vit\u00f3ria totalmente desconfigurado, o Vasco come\u00e7ou a encontrar espa\u00e7os e criar chances at\u00e9 matar o confronto aos 35 minutos. Andr\u00e9s G\u00f3mez recebeu no campo de defesa, avan\u00e7ou com muita liberdade, limpou Luan C\u00e2ndido na entrada da \u00e1rea e bateu de canhota, no canto direito de Lucas Arcanjo. Foi um gol quase id\u00eantico ao marcado pelo colombiano no jogo de ida.<\/p>\n\n\n\n<p class=\"wp-block-paragraph\">Na reta final da partida, aos sons de vaias dos poucos torcedores que permaneceram no Barrad\u00e3o, al\u00e9m dos gritos de \u201cEliminado\u201d vindos da torcida visitante, o Vasco fez o que quis diante de um Vit\u00f3ria totalmente bagun\u00e7ado e ainda marcou o segundo gol com Pumita Rodr\u00edguez, j\u00e1 nos acr\u00e9scimos, para dar n\u00fameros finais \u00e0 atua\u00e7\u00e3o vergonhosa do Rubro-Negro baiano.<\/p>\n\n\n\n<h2 class=\"wp-block-heading\">FICHA T\u00c9CNICA<\/h2>\n\n\n\n<p class=\"wp-block-paragraph\">Vit\u00f3ria 0x2 Vasco da Gama &#8211; Jogo de volta das quartas de final da Copa do Brasil<\/p>\n\n\n\n<p class=\"wp-block-paragraph\">Vit\u00f3ria: Lucas Arcanjo; Mateus Silva (Fabiano), Cac\u00e1, Luan C\u00e2ndido e Ramon (Edenilson); Z\u00e9 Vitor, Walace (Osvaldo) e Matheuzinho; Erick, Tarzia e Renato Kayzer (Ren\u00ea). T\u00e9cnico: Jair Ventura.<\/p>\n\n\n\n<p class=\"wp-block-paragraph\">Vasco: L\u00e9o Jardim; Puma Rodr\u00edguez, Cuesta, Robert Renan e Lucas Piton (Lucas Freitas); Sosa, Thiago Mendes e Ramon Rique; Andr\u00e9s G\u00f3mez (Hinestroza), Adson (Col\u00eddio) e Spinelli. T\u00e9cnico: Pedro Emanuel.<\/p>\n\n\n\n<p class=\"wp-block-paragraph\">Local: Barrad\u00e3o<\/p>\n\n\n\n<p class=\"wp-block-paragraph\">P\u00fablico: 28.499 torcedores<\/p>\n\n\n\n<p class=\"wp-block-paragraph\">Renda: R$ 823.621,00<\/p>\n\n\n\n<p class=\"wp-block-paragraph\">Gols: Andr\u00e9s G\u00f3mez, aos 35\u2019, e Pum Rodr\u00edguez, aos 51&#8242; do 2\u00b0 tempo<\/p>\n\n\n\n<p class=\"wp-block-paragraph\">\u00c1rbitro: Rafael Rodrigo Klein (RS)<\/p>\n\n\n\n<p class=\"wp-block-paragraph\">Assistentes: Bruno Boschilia (PR) e Nailton Junior de Sousa Oliveira (CE)<\/p>\n\n\n\n<p class=\"wp-block-paragraph\">VAR: Daiane Muniz (SP)<\/p>\n\n\n\n<p class=\"wp-block-paragraph\">Cart\u00f5es amarelos: Cac\u00e1, Luan C\u00e2ndido (Vit\u00f3ria); Puma Rodr\u00edguez (Vasco) <\/p>\n\n\n\n<p class=\"wp-block-paragraph\"><em><strong>(Por: Pedro Carreiro\/Correio24hs)<\/strong><\/em><\/p>\n\n\n\n<p class=\"wp-block-paragraph\"><\/p>\n\n\n\n<p class=\"wp-block-paragraph\"><\/p>\n\n\n\n<p class=\"wp-block-paragraph\"><\/p>\n","protected":false},"excerpt":{"rendered":"<p>Le\u00e3o jogou mal e foi derrotado por 2&#215;0 no Barrad\u00e3o Com uma atua\u00e7\u00e3o\u00a0ap\u00e1tica, o Vit\u00f3ria&hellip;<\/p>\n","protected":false},"author":2,"featured_media":26566,"comment_status":"open","ping_status":"open","sticky":false,"template":"","format":"standard","meta":{"footnotes":""},"categories":[26],"tags":[],"class_list":["post-26565","post","type-post","status-publish","format-standard","has-post-thumbnail","hentry","category-esportes"],"_links":{"self":[{"href":"https:\/\/atitudenoticias.com.br\/index.php?rest_route=\/wp\/v2\/posts\/26565","targetHints":{"allow":["GET"]}}],"collection":[{"href":"https:\/\/atitudenoticias.com.br\/index.php?rest_route=\/wp\/v2\/posts"}],"about":[{"href":"https:\/\/atitudenoticias.com.br\/index.php?rest_route=\/wp\/v2\/types\/post"}],"author":[{"embeddable":true,"href":"https:\/\/atitudenoticias.com.br\/index.php?rest_route=\/wp\/v2\/users\/2"}],"replies":[{"embeddable":true,"href":"https:\/\/atitudenoticias.com.br\/index.php?rest_route=%2Fwp%2Fv2%2Fcomments&post=26565"}],"version-history":[{"count":1,"href":"https:\/\/atitudenoticias.com.br\/index.php?rest_route=\/wp\/v2\/posts\/26565\/revisions"}],"predecessor-version":[{"id":26567,"href":"https:\/\/atitudenoticias.com.br\/index.php?rest_route=\/wp\/v2\/posts\/26565\/revisions\/26567"}],"wp:featuredmedia":[{"embeddable":true,"href":"https:\/\/atitudenoticias.com.br\/index.php?rest_route=\/wp\/v2\/media\/26566"}],"wp:attachment":[{"href":"https:\/\/atitudenoticias.com.br\/index.php?rest_route=%2Fwp%2Fv2%2Fmedia&parent=26565"}],"wp:term":[{"taxonomy":"category","embeddable":true,"href":"https:\/\/atitudenoticias.com.br\/index.php?rest_route=%2Fwp%2Fv2%2Fcategories&post=26565"},{"taxonomy":"post_tag","embeddable":true,"href":"https:\/\/atitudenoticias.com.br\/index.php?rest_route=%2Fwp%2Fv2%2Ftags&post=26565"}],"curies":[{"name":"wp","href":"https:\/\/api.w.org\/{rel}","templated":true}]}}