{"id":26572,"date":"2026-09-04T17:34:15","date_gmt":"2026-09-04T20:34:15","guid":{"rendered":"https:\/\/atitudenoticias.com.br\/?p=26572"},"modified":"2026-09-04T17:34:16","modified_gmt":"2026-09-04T20:34:16","slug":"47a-expofeira-ganha-nova-estrutura-do-parque-de-exposicao-joao-martins-da-silva","status":"publish","type":"post","link":"https:\/\/atitudenoticias.com.br\/?p=26572","title":{"rendered":"47\u00aa Expofeira ganha nova estrutura do Parque de Exposi\u00e7\u00e3o Jo\u00e3o Martins da Silva"},"content":{"rendered":"\n<p class=\"has-text-align-center wp-block-paragraph\"><em><strong>O equipamento, pronto para o maior evento agropecu\u00e1rio do interior baiano, foi apresentado \u00e0 imprensa pelo prefeito Jos\u00e9 Ronaldo<\/strong><\/em><\/p>\n\n\n\n<p class=\"wp-block-paragraph\">Palco para a 47\u00aa Exposi\u00e7\u00e3o Agropecu\u00e1ria de Feira de Santana (Expofeira), que ocorre no per\u00edodo de 06 a 13 deste m\u00eas, o Parque de Exposi\u00e7\u00e3o Jo\u00e3o Martins da Silva ganhou uma nova e moderna estrutura, mais ampla e com muito mais atra\u00e7\u00f5es para os visitantes. O equipamento, pronto para o maior evento agropecu\u00e1rio do interior baiano, foi apresentado \u00e0 imprensa pelo prefeito Jos\u00e9 Ronaldo de Carvalho no final da manh\u00e3 desta sexta-feira (04).<\/p>\n\n\n\n<p class=\"wp-block-paragraph\">Com investimentos da ordem de R$ 5 milh\u00f5es, o Parque de Exposi\u00e7\u00e3o Jo\u00e3o Martins da Silva passa a contar com mais estrutura para movimentar grandes neg\u00f3cios, conforme ressaltou o prefeito Jos\u00e9 Ronaldo. A nova estrutura amplia a capacidade de 54 expositores para mais de 130 expositores. E os novos espa\u00e7os, abertos na \u00e1rea do antigo redondel, ganharam ruas pavimentadas com asfalto, proporcionando maior conforto e acessibilidade.<\/p>\n\n\n\n<p class=\"wp-block-paragraph\">As interven\u00e7\u00f5es, promovidas atrav\u00e9s da Secretaria de Infraestrutura (Seinfra) e da Secretaria de Servi\u00e7os P\u00fablicos (SESP), coordenadas pela Secretaria de Agricultura (Seagri), resultaram tamb\u00e9m na implanta\u00e7\u00e3o de 60 postes de ilumina\u00e7\u00e3o com estrutura de instala\u00e7\u00f5es el\u00e9tricas. E todas as demais secretarias da Prefeitura estar\u00e3o presentes para assegurar a promo\u00e7\u00e3o da maior e melhor festa agropecu\u00e1ria do Norte e Nordeste.<\/p>\n\n\n\n<p class=\"wp-block-paragraph\">Jos\u00e9 Ronaldo enfatizou que o Parque de Exposi\u00e7\u00e3o tamb\u00e9m passou a contar com um novo redondel, com mais espa\u00e7o, estrutura de pista e ilumina\u00e7\u00e3o especial, ocupando uma \u00e1rea tr\u00eas vezes superior ao espa\u00e7o antigo. Tamb\u00e9m ter\u00e1 um complexo de redond\u00e9is estruturado para ovinos, bovinos e equinos.<\/p>\n\n\n\n<p class=\"wp-block-paragraph\">E ainda ter\u00e1 espa\u00e7o exclusivo para passeios de p\u00f4neis, mais seguro para visitantes e para quem curte os tradicionais passeios. Desta forma, as ruas internas do Parque de Exposi\u00e7\u00e3o ficar\u00e3o sem circula\u00e7\u00e3o de animais, o que representa mais seguran\u00e7a para todos. E todo o espa\u00e7o contar\u00e1 com nova sinaliza\u00e7\u00e3o interna.<\/p>\n\n\n\n<p class=\"wp-block-paragraph\">Para o p\u00fablico visitante que optar por ir de ve\u00edculo pr\u00f3prio, ser\u00e3o disponibilizados tr\u00eas estacionamentos privados, com amplia\u00e7\u00e3o de 18 mil metros quadrados para 100 mil metros quadrados. Tamb\u00e9m ter\u00e1 estacionamento exclusivo para expositores\/trabalhadores. J\u00e1 quem optar por se deslocar para o Parque de Exposi\u00e7\u00e3o no transporte coletivo urbano, a Prefeitura de Feira disponibilizou sistema de transbordo gratuito para quem chegar de \u00f4nibus.<\/p>\n\n\n\n<p class=\"wp-block-paragraph\">O secret\u00e1rio de Agricultura, Silvaney Ara\u00fajo, alerta quem for de transporte pr\u00f3prio ou de ve\u00edculo por aplicativo (carro ou moto) que deve entrar obrigatoriamente pela avenida Noide Cerqueira. J\u00e1 os \u00f4nibus do transporte p\u00fablico ter\u00e3o acesso exclusivo pela BR-324. \u201cCarros, motos e pedestres n\u00e3o poder\u00e3o acessar o Parque de Exposi\u00e7\u00e3o pela BR-324\u201d, adverte.<\/p>\n\n\n\n<p class=\"wp-block-paragraph\">A seguran\u00e7a tamb\u00e9m foi pensada cuidadosamente pela Secretaria de Preven\u00e7\u00e3o \u00e0 Viol\u00eancia (Seprev), que implantou sistema de videomonitoramento com reconhecimento facial, em parceria com a Pol\u00edcia Militar.<\/p>\n\n\n\n<p class=\"wp-block-paragraph\">Um novo redondel tamb\u00e9m foi implantado no Parque de Exposi\u00e7\u00e3o, garantindo modernidade e espa\u00e7o \u00e0 altura da Expofeira. Com ilumina\u00e7\u00e3o especial, mais amplo, moderno e confort\u00e1vel, o espa\u00e7o permite julgamentos de diferentes animais simultaneamente, oferecendo uma estrutura tecnicamente planejada para as avalia\u00e7\u00f5es.<\/p>\n\n\n\n<p class=\"wp-block-paragraph\">Para quem curte os esportes radicais, os rodeios est\u00e3o de volta! A atra\u00e7\u00e3o retorna ao parque depois de quase duas d\u00e9cadas. Este ano, a entrada ser\u00e1 a doa\u00e7\u00e3o volunt\u00e1ria de 1 kg de alimento n\u00e3o perec\u00edvel. Os donativos ser\u00e3o distribu\u00eddos entre entidades assistenciais do munic\u00edpio.<\/p>\n\n\n\n<p class=\"wp-block-paragraph\">Outra atra\u00e7\u00e3o \u00e9 o Team Penning, proporcionando pura adrenalina para os praticantes do esporte radical e tamb\u00e9m ao p\u00fablico. O evento ser\u00e1 realizado no per\u00edodo de 9 a 13 de setembro, com a presen\u00e7a de cavaleiros de v\u00e1rios munic\u00edpios baianos e de estados vizinhos. As provas ser\u00e3o disputadas nas categorias mirim, feminino, integra\u00e7\u00e3o e aberta. O evento faz parte da final do Circuito Baiano e \u00e9 organizado pela Associa\u00e7\u00e3o Baiana de Esportes Equestres.<\/p>\n\n\n\n<p class=\"wp-block-paragraph\">Um dos principais impulsionadores dos neg\u00f3cios fechados durante a Expofeira atrav\u00e9s do agroneg\u00f3cio, os leil\u00f5es com animais de elite, de alto padr\u00e3o gen\u00e9tico, est\u00e3o garantidos. No dia 8, ocorre o leil\u00e3o de cavalo Quarto de Milha e, no dia 11, ser\u00e1 a vez do leil\u00e3o de bovinos Nelore de alta linhagem, da Fazenda Jacuricy.<\/p>\n\n\n\n<p class=\"wp-block-paragraph\">Este ano, ser\u00e3o realizados julgamentos e competi\u00e7\u00f5es de animais das ra\u00e7as Mangalarga Marchador (10, 11, 12 e 13 de setembro), Mangalarga Paulista (11 e 12), Campolina (11, 12 e 13), bovinos (11 de setembro, a partir das 14h, e dia 12 de setembro), Jumento P\u00eaga (10 de setembro) e P\u00f4nei (10 e 11 de setembro at\u00e9 as 14h e, no dia 13 de setembro, a prova social).<\/p>\n\n\n\n<p class=\"wp-block-paragraph\">Ainda durante a mostra agropecu\u00e1ria, ser\u00e3o realizados cursos da Carreta Escolar do Senar, a\u00e7\u00f5es de vacina\u00e7\u00e3o do p\u00fablico e de sa\u00fade do trabalhador, promovidas pela Secretaria de Sa\u00fade; a 1\u00aa Missa do Vaqueiro, no dia 12 de setembro, \u00e0s 8h, promovida pelo Santu\u00e1rio Senhor dos Passos; presen\u00e7a do Parque de Divers\u00f5es; e a novidade do Espa\u00e7o Vila Kids, totalmente gratuito, com \u00e1rea reservada, Clubinho Quintal da Tribo, brinquedos infl\u00e1veis e animadora, para a alegria da garotada.<\/p>\n\n\n\n<p class=\"wp-block-paragraph\">Quem for ao Parque durante a 47\u00aa Expofeira contar\u00e1 ainda com shows na Vila Gourmet e shows no Caminho da Ro\u00e7a, com dois palcos e diversos ritmos, com m\u00fasica gospel e tamb\u00e9m rock.<\/p>\n\n\n\n<p class=\"wp-block-paragraph\">A exposi\u00e7\u00e3o e mostra de animais ter\u00e1 bovinos, equinos e outros animais, como ovinos, caprinos, alpacas, lhamas e minicabras. Tudo isso sem falar no espa\u00e7o para empresas e neg\u00f3cios. <em><strong>(SECOM\/PMFS)<\/strong><\/em><\/p>\n","protected":false},"excerpt":{"rendered":"<p>O equipamento, pronto para o maior evento agropecu\u00e1rio do interior baiano, foi apresentado \u00e0 imprensa&hellip;<\/p>\n","protected":false},"author":2,"featured_media":26573,"comment_status":"open","ping_status":"open","sticky":false,"template":"","format":"standard","meta":{"footnotes":""},"categories":[76,58],"tags":[],"class_list":["post-26572","post","type-post","status-publish","format-standard","has-post-thumbnail","hentry","category-agronegocios","category-feira-de-santana"],"_links":{"self":[{"href":"https:\/\/atitudenoticias.com.br\/index.php?rest_route=\/wp\/v2\/posts\/26572","targetHints":{"allow":["GET"]}}],"collection":[{"href":"https:\/\/atitudenoticias.com.br\/index.php?rest_route=\/wp\/v2\/posts"}],"about":[{"href":"https:\/\/atitudenoticias.com.br\/index.php?rest_route=\/wp\/v2\/types\/post"}],"author":[{"embeddable":true,"href":"https:\/\/atitudenoticias.com.br\/index.php?rest_route=\/wp\/v2\/users\/2"}],"replies":[{"embeddable":true,"href":"https:\/\/atitudenoticias.com.br\/index.php?rest_route=%2Fwp%2Fv2%2Fcomments&post=26572"}],"version-history":[{"count":1,"href":"https:\/\/atitudenoticias.com.br\/index.php?rest_route=\/wp\/v2\/posts\/26572\/revisions"}],"predecessor-version":[{"id":26574,"href":"https:\/\/atitudenoticias.com.br\/index.php?rest_route=\/wp\/v2\/posts\/26572\/revisions\/26574"}],"wp:featuredmedia":[{"embeddable":true,"href":"https:\/\/atitudenoticias.com.br\/index.php?rest_route=\/wp\/v2\/media\/26573"}],"wp:attachment":[{"href":"https:\/\/atitudenoticias.com.br\/index.php?rest_route=%2Fwp%2Fv2%2Fmedia&parent=26572"}],"wp:term":[{"taxonomy":"category","embeddable":true,"href":"https:\/\/atitudenoticias.com.br\/index.php?rest_route=%2Fwp%2Fv2%2Fcategories&post=26572"},{"taxonomy":"post_tag","embeddable":true,"href":"https:\/\/atitudenoticias.com.br\/index.php?rest_route=%2Fwp%2Fv2%2Ftags&post=26572"}],"curies":[{"name":"wp","href":"https:\/\/api.w.org\/{rel}","templated":true}]}}