{"id":2776,"date":"2022-06-26T04:48:34","date_gmt":"2022-06-26T04:48:34","guid":{"rendered":"http:\/\/atitudenoticias.com.br\/?p=2776"},"modified":"2022-06-26T04:49:33","modified_gmt":"2022-06-26T04:49:33","slug":"ney-matogrosso-e-ovacionado-em-show-potente-no-rock-in-rio-lisboa","status":"publish","type":"post","link":"https:\/\/atitudenoticias.com.br\/?p=2776","title":{"rendered":"Ney Matogrosso \u00e9 ovacionado em show potente no Rock in Rio Lisboa 2022"},"content":{"rendered":"\n<p class=\"has-medium-font-size\"><strong><em>Aos 80 anos, cantor segue com voz firme e performance impec\u00e1vel em apresenta\u00e7\u00e3o do \u00e1lbum &#8216;Bloco na Rua&#8217; de 2019.<\/em><\/strong><\/p>\n\n\n\n<p>Os portugueses esperaram dois anos at\u00e9 o reencontro com&nbsp;<a href=\"https:\/\/g1.globo.com\/tudo-sobre\/ney-matogrosso\/\">Ney Matogrosso<\/a>, mas n\u00e3o foi em v\u00e3o.<\/p>\n\n\n\n<p>O cantor de 80 anos entregou um show perform\u00e1tico e potente, como de praxe, no Rock in Rio Lisboa neste s\u00e1bado (25). Ele foi anunciado em 2020, quando o festival iria acontecer em junho, mas os planos mudaram por conta da pandemia.<\/p>\n\n\n\n<p>O show que ele faz dois anos depois \u00e9 o do \u00e1lbum &#8220;Bloco na Rua&#8221;, um tanto quanto antigo em 2022, mas ningu\u00e9m parece se importar com isso.<\/p>\n\n\n\n<p>Ney abre com &#8220;Meu Bloco na Rua&#8221;, de S\u00e9rgio Sampaio, e segue pelo repert\u00f3rio com m\u00fasica de Rita Lee, Chico Buarque e Paralamas do Sucesso.<\/p>\n\n\n\n<p>Em &#8220;Ponta do L\u00e1pis&#8221;, o tel\u00e3o exibe imagens de ind\u00edgenas, enquanto Ney se vira e abre os bra\u00e7os reverenciando, mas n\u00e3o diz nada.<\/p>\n\n\n\n<p>O cantor \u00e9 bem direito e manda uma m\u00fasica atr\u00e1s da outra. Ele para s\u00f3 para retribuir um coro de &#8220;Ney, eu te amo&#8221;.<\/p>\n\n\n\n<p>&#8220;Como 2 e 2&#8221;, m\u00fasica de Caetano Veloso, \u00e9 ponto alto do show com um come\u00e7o quase a capella e mostra como a voz segue met\u00e1lica e firme independente do tempo. \u00c9 t\u00e3o bonito que o p\u00fablico at\u00e9 canta baixinho para n\u00e3o sobressair ao cantor.<\/p>\n\n\n\n<p>No final, ele abre os bra\u00e7os para receber os aplausos com um risinho de satisfa\u00e7\u00e3o.<\/p>\n\n\n\n<p>Com a galera completamente entregue, Ney segue para a reta final com &#8220;Poema&#8221; e termina com o samba &#8220;Ex-Amor&#8221;. Apesar de antigo, \u00e9 um show do&nbsp;<a href=\"https:\/\/g1.globo.com\/tudo-sobre\/ney-matogrosso\/\">Ney Matogrosso<\/a>&nbsp;e isso basta.<\/p>\n\n\n\n<p><em>(Fonte: G1 &#8211; Fotos: Divulga\u00e7\u00e3o\/I Hate Flash )<\/em><\/p>\n\n\n\n<figure class=\"wp-block-image size-large\"><img fetchpriority=\"high\" decoding=\"async\" width=\"683\" height=\"1024\" src=\"http:\/\/atitudenoticias.com.br\/wp-content\/uploads\/2022\/06\/ney-matogrosso-rock-in-rio-lisboa--683x1024.webp\" alt=\"\" class=\"wp-image-2777\" srcset=\"https:\/\/atitudenoticias.com.br\/wp-content\/uploads\/2022\/06\/ney-matogrosso-rock-in-rio-lisboa--683x1024.webp 683w, https:\/\/atitudenoticias.com.br\/wp-content\/uploads\/2022\/06\/ney-matogrosso-rock-in-rio-lisboa--200x300.webp 200w, https:\/\/atitudenoticias.com.br\/wp-content\/uploads\/2022\/06\/ney-matogrosso-rock-in-rio-lisboa--768x1152.webp 768w, https:\/\/atitudenoticias.com.br\/wp-content\/uploads\/2022\/06\/ney-matogrosso-rock-in-rio-lisboa--585x878.webp 585w, https:\/\/atitudenoticias.com.br\/wp-content\/uploads\/2022\/06\/ney-matogrosso-rock-in-rio-lisboa-.webp 984w\" sizes=\"(max-width: 683px) 100vw, 683px\" \/><\/figure>\n","protected":false},"excerpt":{"rendered":"<p>Aos 80 anos, cantor segue com voz firme e performance impec\u00e1vel em apresenta\u00e7\u00e3o do \u00e1lbum&hellip;<\/p>\n","protected":false},"author":2,"featured_media":2778,"comment_status":"open","ping_status":"open","sticky":false,"template":"","format":"standard","meta":{"footnotes":""},"categories":[35],"tags":[],"class_list":["post-2776","post","type-post","status-publish","format-standard","has-post-thumbnail","hentry","category-musica"],"_links":{"self":[{"href":"https:\/\/atitudenoticias.com.br\/index.php?rest_route=\/wp\/v2\/posts\/2776","targetHints":{"allow":["GET"]}}],"collection":[{"href":"https:\/\/atitudenoticias.com.br\/index.php?rest_route=\/wp\/v2\/posts"}],"about":[{"href":"https:\/\/atitudenoticias.com.br\/index.php?rest_route=\/wp\/v2\/types\/post"}],"author":[{"embeddable":true,"href":"https:\/\/atitudenoticias.com.br\/index.php?rest_route=\/wp\/v2\/users\/2"}],"replies":[{"embeddable":true,"href":"https:\/\/atitudenoticias.com.br\/index.php?rest_route=%2Fwp%2Fv2%2Fcomments&post=2776"}],"version-history":[{"count":3,"href":"https:\/\/atitudenoticias.com.br\/index.php?rest_route=\/wp\/v2\/posts\/2776\/revisions"}],"predecessor-version":[{"id":2781,"href":"https:\/\/atitudenoticias.com.br\/index.php?rest_route=\/wp\/v2\/posts\/2776\/revisions\/2781"}],"wp:featuredmedia":[{"embeddable":true,"href":"https:\/\/atitudenoticias.com.br\/index.php?rest_route=\/wp\/v2\/media\/2778"}],"wp:attachment":[{"href":"https:\/\/atitudenoticias.com.br\/index.php?rest_route=%2Fwp%2Fv2%2Fmedia&parent=2776"}],"wp:term":[{"taxonomy":"category","embeddable":true,"href":"https:\/\/atitudenoticias.com.br\/index.php?rest_route=%2Fwp%2Fv2%2Fcategories&post=2776"},{"taxonomy":"post_tag","embeddable":true,"href":"https:\/\/atitudenoticias.com.br\/index.php?rest_route=%2Fwp%2Fv2%2Ftags&post=2776"}],"curies":[{"name":"wp","href":"https:\/\/api.w.org\/{rel}","templated":true}]}}