{"id":2922,"date":"2022-06-29T00:55:26","date_gmt":"2022-06-29T00:55:26","guid":{"rendered":"http:\/\/atitudenoticias.com.br\/?p=2922"},"modified":"2022-06-29T00:55:28","modified_gmt":"2022-06-29T00:55:28","slug":"emenda-da-vereadora-eremita-mota-a-lei-orcamentaria-coloca-como-meta-principal-a-construcao-de-um-hospital-com-investimento-de-r50-milhoes","status":"publish","type":"post","link":"https:\/\/atitudenoticias.com.br\/?p=2922","title":{"rendered":"Emenda da vereadora Eremita Mota a Lei Or\u00e7amentaria, coloca como meta principal a constru\u00e7\u00e3o de um hospital com investimento de R$50 milh\u00f5es"},"content":{"rendered":"\n<p class=\"wp-block-paragraph\">Alterar o artigo 71 do Projeto de Lei Or\u00e7ament\u00e1ria n\u00ba 043\/2022, de autoria do Poder Executivo, que disp\u00f5e sobre as diretrizes para a elabora\u00e7\u00e3o de Lei Or\u00e7ament\u00e1ria referente ao exerc\u00edcio de 2023, mais precisamente colocar como meta principal a constru\u00e7\u00e3o de unidade de sa\u00fade para pronto atendimento, em porte de hospital com provis\u00e3o de 100% e com previs\u00e3o de investimento na ordem de R$50 milh\u00f5es. Este \u00e9 o objetivo da emenda n\u00ba 27\/2022, de autoria da vereadora Eremita Mota (PSDB).&nbsp;<\/p>\n\n\n\n<p class=\"wp-block-paragraph\">A propositura diz respeito ao projeto n\u00ba 043\/2022, enviado \u00e0 C\u00e2mara Municipal pelo Poder Executivo em prioridade, que disp\u00f5e sobre as diretrizes para a elabora\u00e7\u00e3o da LDO 2023. Tal projeto conta com 27 emendas, todas com parecer da Comiss\u00e3o de Constitui\u00e7\u00e3o, Justi\u00e7a e Reda\u00e7\u00e3o (CCJR) da Casa Legislativa. A aprecia\u00e7\u00e3o de tais emendas foi adiada por duas sess\u00f5es e retornar\u00e1 \u00e0 ordem do dia de quinta-feira (30).&nbsp;<\/p>\n\n\n\n<p class=\"wp-block-paragraph\">Ainda de acordo com a emenda em quest\u00e3o, fica obrigado, pelo Poder Executivo, a divulgar nos s\u00edtios eletr\u00f4nicos algumas a\u00e7\u00f5es, dentre elas\u00a0 a posi\u00e7\u00e3o atualizada mensalmente dos limites para empenho e movimenta\u00e7\u00e3o financeira por \u00f3rg\u00e3o do Poder Executivo federal; at\u00e9 30 de abril de cada exerc\u00edcio, o relat\u00f3rio anual, referente ao exerc\u00edcio anterior, de impacto dos programas destinados ao combate \u00e0s desigualdades.\u00a0 (ASCOM\/CMFS &#8211; Foto: Mario Neto)<\/p>\n","protected":false},"excerpt":{"rendered":"<p>Alterar o artigo 71 do Projeto de Lei Or\u00e7ament\u00e1ria n\u00ba 043\/2022, de autoria do Poder&hellip;<\/p>\n","protected":false},"author":2,"featured_media":2923,"comment_status":"open","ping_status":"open","sticky":false,"template":"","format":"standard","meta":{"footnotes":""},"categories":[58,30,25],"tags":[],"class_list":["post-2922","post","type-post","status-publish","format-standard","has-post-thumbnail","hentry","category-feira-de-santana","category-politica","category-saude"],"_links":{"self":[{"href":"https:\/\/atitudenoticias.com.br\/index.php?rest_route=\/wp\/v2\/posts\/2922","targetHints":{"allow":["GET"]}}],"collection":[{"href":"https:\/\/atitudenoticias.com.br\/index.php?rest_route=\/wp\/v2\/posts"}],"about":[{"href":"https:\/\/atitudenoticias.com.br\/index.php?rest_route=\/wp\/v2\/types\/post"}],"author":[{"embeddable":true,"href":"https:\/\/atitudenoticias.com.br\/index.php?rest_route=\/wp\/v2\/users\/2"}],"replies":[{"embeddable":true,"href":"https:\/\/atitudenoticias.com.br\/index.php?rest_route=%2Fwp%2Fv2%2Fcomments&post=2922"}],"version-history":[{"count":1,"href":"https:\/\/atitudenoticias.com.br\/index.php?rest_route=\/wp\/v2\/posts\/2922\/revisions"}],"predecessor-version":[{"id":2924,"href":"https:\/\/atitudenoticias.com.br\/index.php?rest_route=\/wp\/v2\/posts\/2922\/revisions\/2924"}],"wp:featuredmedia":[{"embeddable":true,"href":"https:\/\/atitudenoticias.com.br\/index.php?rest_route=\/wp\/v2\/media\/2923"}],"wp:attachment":[{"href":"https:\/\/atitudenoticias.com.br\/index.php?rest_route=%2Fwp%2Fv2%2Fmedia&parent=2922"}],"wp:term":[{"taxonomy":"category","embeddable":true,"href":"https:\/\/atitudenoticias.com.br\/index.php?rest_route=%2Fwp%2Fv2%2Fcategories&post=2922"},{"taxonomy":"post_tag","embeddable":true,"href":"https:\/\/atitudenoticias.com.br\/index.php?rest_route=%2Fwp%2Fv2%2Ftags&post=2922"}],"curies":[{"name":"wp","href":"https:\/\/api.w.org\/{rel}","templated":true}]}}