{"id":4379,"date":"2022-08-17T20:59:54","date_gmt":"2022-08-17T20:59:54","guid":{"rendered":"http:\/\/atitudenoticias.com.br\/?p=4379"},"modified":"2022-08-17T20:59:56","modified_gmt":"2022-08-17T20:59:56","slug":"casos-de-variola-dos-macacos-sobem-20-no-mundo-em-uma-semana-diz-oms","status":"publish","type":"post","link":"https:\/\/atitudenoticias.com.br\/?p=4379","title":{"rendered":"Casos de var\u00edola dos macacos sobem 20% no mundo em uma semana, diz OMS"},"content":{"rendered":"\n<p class=\"has-medium-font-size\"><strong><em>Doen\u00e7a atinge 92 pa\u00edses e territ\u00f3rios, com 12 mortes registradas, segundo dados divulgados pela OMS nesta quarta-feira (17)<\/em><\/strong><\/p>\n\n\n\n<p>Os casos de var\u00edola dos macacos no mundo aumentaram em 20% em uma semana, chegando a 35 mil em 92 pa\u00edses e territ\u00f3rios, com 12 mortes registradas. Os dados foram divulgados nesta quarta-feira (17) pela Organiza\u00e7\u00e3o Mundial da Sa\u00fade (OMS).<\/p>\n\n\n\n<p>Em entrevista semanal \u00e0 imprensa, o diretor-geral da OMS, Tedros Adhanom, afirmou que foram relatados quase 7.500 casos \u00e0 entidade na semana passada, um aumento de 20% em rela\u00e7\u00e3o \u00e0 semana anterior, que tamb\u00e9m foi 20% a mais que na semana anterior.<\/p>\n\n\n\n<p>\u201cQuase todos os casos est\u00e3o sendo relatados na Europa e nas Am\u00e9ricas, e quase todos os casos continuam sendo relatados entre homens que fazem sexo com homens, ressaltando a import\u00e2ncia de todos os pa\u00edses projetarem e fornecerem servi\u00e7os e informa\u00e7\u00f5es adaptados a essas comunidades que protejam a sa\u00fade, direitos e dignidade\u201d, disse Adhanom.<\/p>\n\n\n\n<p>At\u00e9 o momento, de acordo com o Minist\u00e9rio da Sa\u00fade, o Brasil registra 3.184 casos confirmados da doen\u00e7a nos estados de S\u00e3o Paulo (2.158), Rio de Janeiro (368), Minas Gerais (144), Distrito Federal (116), Paran\u00e1 (82), Goi\u00e1s (120), Bahia (26), Cear\u00e1 (14), Rio Grande do Norte (10), Esp\u00edrito Santo (8), Pernambuco (17), Tocantins (1), Maranh\u00e3o (2), Acre (1), Amazonas (9), Par\u00e1 (2), Para\u00edba (1), Piau\u00ed (1), Rio Grande do Sul (47), Mato Grosso (4), Mato Grosso do Sul (10), e Santa Catarina (43).<\/p>\n\n\n\n<p>O diretor-geral da OMS orientou que gestores e autoridades sanit\u00e1rias aumentem os esfor\u00e7os para identificar a doen\u00e7a e interromper a transmiss\u00e3o.<\/p>\n\n\n\n<p>\u201cO foco principal para todos os pa\u00edses deve ser garantir que estejam prontos para a monkeypox e interromper a transmiss\u00e3o usando ferramentas eficazes de sa\u00fade p\u00fablica, incluindo vigil\u00e2ncia aprimorada de doen\u00e7as, rastreamento cuidadoso de contatos, comunica\u00e7\u00e3o de risco personalizada e envolvimento da comunidade e medidas de redu\u00e7\u00e3o de risco\u201d, disse.<\/p>\n\n\n\n<p>De acordo com a OMS, as vacinas tamb\u00e9m podem desempenhar um papel importante no controle do surto, apesar do estoque limitado de doses no momento.<\/p>\n\n\n\n<p>\u201cA OMS tem mantido contato pr\u00f3ximo com os fabricantes de vacinas e com pa\u00edses e organiza\u00e7\u00f5es que desejam compartilhar doses. Continuamos preocupados que o acesso desigual a vacinas que vimos durante a pandemia de Covid-19 se repita e que os mais pobres continuem sendo deixados para tr\u00e1s\u201d, disse Adhanom.<\/p>\n\n\n\n<p><strong>Mudan\u00e7as na nomenclatura da doen\u00e7a<\/strong><br>Na semana passada, um \u200b\u200bgrupo de especialistas globais convocado pela OMS entrou em consenso para a utiliza\u00e7\u00e3o de novos nomes para as variantes do v\u00edrus Monkeypox, causador da var\u00edola dos macacos. Os especialistas concordaram em nomear os clados, ou grupos virais, usando algarismos romanos.<\/p>\n\n\n\n<p>\u00c0 imprensa, Adhanom afirmou nesta quarta-feira que o trabalho para renomear a doen\u00e7a e o v\u00edrus est\u00e1 em andamento. Para decidir sobre a nomenclatura do agravo, a OMS realiza uma consulta aberta, que recebe sugest\u00f5es online.<\/p>\n\n\n\n<p><strong>Como identificar os sintomas de var\u00edola dos macacos<\/strong><br>O per\u00edodo de incuba\u00e7\u00e3o \u00e9 geralmente de 6 a 13 dias, mas pode variar de 5 a 21 dias. Na forma mais comum documentada da doen\u00e7a, os sintomas podem surgir a partir do s\u00e9timo dia com uma febre s\u00fabita e intensa.<\/p>\n\n\n\n<p>S\u00e3o comuns sinais como dor de cabe\u00e7a, n\u00e1usea, exaust\u00e3o, cansa\u00e7o e principalmente o aparecimento de incha\u00e7o de g\u00e2nglios, que pode acontecer tanto no pesco\u00e7o e na regi\u00e3o axilar como na parte genital.<\/p>\n\n\n\n<p>J\u00e1 a manifesta\u00e7\u00e3o na pele ocorre entre um e tr\u00eas dias ap\u00f3s os sintomas iniciais. Os sinais passam por diferentes est\u00e1gios: m\u00e1cula (pequenas manchas), p\u00e1pula (feridas pequenas semelhantes a espinhas), ves\u00edcula (pequenas bolhas), p\u00fastula (bolha com a presen\u00e7a de pus) e crosta (que s\u00e3o as cascas de cicatriza\u00e7\u00e3o).<\/p>\n\n\n\n<p>As les\u00f5es na pele na forma de bolhas podem variar de um paciente para o outro e aparecer em diversas partes do corpo, como rosto, m\u00e3os, p\u00e9s, olhos, boca ou genitais.<\/p>\n\n\n\n<p><strong><em>(CNN Brasil)<\/em><\/strong><\/p>\n","protected":false},"excerpt":{"rendered":"<p>Doen\u00e7a atinge 92 pa\u00edses e territ\u00f3rios, com 12 mortes registradas, segundo dados divulgados pela OMS&hellip;<\/p>\n","protected":false},"author":2,"featured_media":4380,"comment_status":"open","ping_status":"open","sticky":false,"template":"","format":"standard","meta":{"footnotes":""},"categories":[28,25],"tags":[],"class_list":["post-4379","post","type-post","status-publish","format-standard","has-post-thumbnail","hentry","category-mundo","category-saude"],"_links":{"self":[{"href":"https:\/\/atitudenoticias.com.br\/index.php?rest_route=\/wp\/v2\/posts\/4379","targetHints":{"allow":["GET"]}}],"collection":[{"href":"https:\/\/atitudenoticias.com.br\/index.php?rest_route=\/wp\/v2\/posts"}],"about":[{"href":"https:\/\/atitudenoticias.com.br\/index.php?rest_route=\/wp\/v2\/types\/post"}],"author":[{"embeddable":true,"href":"https:\/\/atitudenoticias.com.br\/index.php?rest_route=\/wp\/v2\/users\/2"}],"replies":[{"embeddable":true,"href":"https:\/\/atitudenoticias.com.br\/index.php?rest_route=%2Fwp%2Fv2%2Fcomments&post=4379"}],"version-history":[{"count":1,"href":"https:\/\/atitudenoticias.com.br\/index.php?rest_route=\/wp\/v2\/posts\/4379\/revisions"}],"predecessor-version":[{"id":4381,"href":"https:\/\/atitudenoticias.com.br\/index.php?rest_route=\/wp\/v2\/posts\/4379\/revisions\/4381"}],"wp:featuredmedia":[{"embeddable":true,"href":"https:\/\/atitudenoticias.com.br\/index.php?rest_route=\/wp\/v2\/media\/4380"}],"wp:attachment":[{"href":"https:\/\/atitudenoticias.com.br\/index.php?rest_route=%2Fwp%2Fv2%2Fmedia&parent=4379"}],"wp:term":[{"taxonomy":"category","embeddable":true,"href":"https:\/\/atitudenoticias.com.br\/index.php?rest_route=%2Fwp%2Fv2%2Fcategories&post=4379"},{"taxonomy":"post_tag","embeddable":true,"href":"https:\/\/atitudenoticias.com.br\/index.php?rest_route=%2Fwp%2Fv2%2Ftags&post=4379"}],"curies":[{"name":"wp","href":"https:\/\/api.w.org\/{rel}","templated":true}]}}