{"id":5009,"date":"2022-09-06T03:31:34","date_gmt":"2022-09-06T03:31:34","guid":{"rendered":"http:\/\/atitudenoticias.com.br\/?p=5009"},"modified":"2022-09-06T03:31:36","modified_gmt":"2022-09-06T03:31:36","slug":"prefeitura-intensifica-servicos-de-limpeza-em-ruas-do-centro-e-bairros","status":"publish","type":"post","link":"https:\/\/atitudenoticias.com.br\/?p=5009","title":{"rendered":"Prefeitura intensifica servi\u00e7os de limpeza em ruas do Centro e bairros"},"content":{"rendered":"\n<p class=\"wp-block-paragraph\"><em><strong>Get\u00falio Vargas recebe capina\u00e7\u00e3o e recolhimento de material org\u00e2nico<\/strong><\/em><\/p>\n\n\n\n<p class=\"wp-block-paragraph\">Equipes do Departamento de Limpeza P\u00fablica, da Prefeitura de Feira, trabalham nesta segunda-feira, 5, na avenida Get\u00falio Vargas onde executam capina\u00e7\u00e3o, poda, varri\u00e7\u00e3o e recolhimento do material org\u00e2nico. Os servi\u00e7os na avenida prosseguem na ter\u00e7a-feira, 6, conforme cronograma.<\/p>\n\n\n\n<p class=\"wp-block-paragraph\">J\u00e1 na quinta-feira, 8, e sexta, 9, os locais a serem atendidos com as a\u00e7\u00f5es de limpeza s\u00e3o as pra\u00e7as e ruas do bairro Concei\u00e7\u00e3o, da Queimadinha e do Campo do Gado Novo.<\/p>\n\n\n\n<p class=\"wp-block-paragraph\">Outras equipes da Secretaria de Servi\u00e7os P\u00fablicos est\u00e3o concentradas no Jomafa, conjunto Wilson Falc\u00e3o, Santa M\u00f4nica, Serraria Brasil, Feira IV, SIM, S\u00e3o Jo\u00e3o e Cidade Nova realizando podas de \u00e1rvores.<\/p>\n\n\n\n<figure class=\"wp-block-image size-large\"><img fetchpriority=\"high\" decoding=\"async\" width=\"1024\" height=\"517\" src=\"http:\/\/atitudenoticias.com.br\/wp-content\/uploads\/2022\/09\/05092022153416-1024x517.jpg\" alt=\"\" class=\"wp-image-5011\" srcset=\"https:\/\/atitudenoticias.com.br\/wp-content\/uploads\/2022\/09\/05092022153416-1024x517.jpg 1024w, https:\/\/atitudenoticias.com.br\/wp-content\/uploads\/2022\/09\/05092022153416-300x152.jpg 300w, https:\/\/atitudenoticias.com.br\/wp-content\/uploads\/2022\/09\/05092022153416-768x388.jpg 768w, https:\/\/atitudenoticias.com.br\/wp-content\/uploads\/2022\/09\/05092022153416-1170x591.jpg 1170w, https:\/\/atitudenoticias.com.br\/wp-content\/uploads\/2022\/09\/05092022153416-585x296.jpg 585w, https:\/\/atitudenoticias.com.br\/wp-content\/uploads\/2022\/09\/05092022153416.jpg 1306w\" sizes=\"(max-width: 1024px) 100vw, 1024px\" \/><\/figure>\n\n\n\n<p class=\"wp-block-paragraph\"><em><strong>(SECOM\/PMFS &#8211; Fotos: Jorge Magalh\u00e3es)<\/strong><\/em><\/p>\n\n\n\n<p class=\"wp-block-paragraph\"><\/p>\n","protected":false},"excerpt":{"rendered":"<p>Get\u00falio Vargas recebe capina\u00e7\u00e3o e recolhimento de material org\u00e2nico Equipes do Departamento de Limpeza P\u00fablica,&hellip;<\/p>\n","protected":false},"author":2,"featured_media":5010,"comment_status":"open","ping_status":"open","sticky":false,"template":"","format":"standard","meta":{"footnotes":""},"categories":[58],"tags":[],"class_list":["post-5009","post","type-post","status-publish","format-standard","has-post-thumbnail","hentry","category-feira-de-santana"],"_links":{"self":[{"href":"https:\/\/atitudenoticias.com.br\/index.php?rest_route=\/wp\/v2\/posts\/5009","targetHints":{"allow":["GET"]}}],"collection":[{"href":"https:\/\/atitudenoticias.com.br\/index.php?rest_route=\/wp\/v2\/posts"}],"about":[{"href":"https:\/\/atitudenoticias.com.br\/index.php?rest_route=\/wp\/v2\/types\/post"}],"author":[{"embeddable":true,"href":"https:\/\/atitudenoticias.com.br\/index.php?rest_route=\/wp\/v2\/users\/2"}],"replies":[{"embeddable":true,"href":"https:\/\/atitudenoticias.com.br\/index.php?rest_route=%2Fwp%2Fv2%2Fcomments&post=5009"}],"version-history":[{"count":1,"href":"https:\/\/atitudenoticias.com.br\/index.php?rest_route=\/wp\/v2\/posts\/5009\/revisions"}],"predecessor-version":[{"id":5012,"href":"https:\/\/atitudenoticias.com.br\/index.php?rest_route=\/wp\/v2\/posts\/5009\/revisions\/5012"}],"wp:featuredmedia":[{"embeddable":true,"href":"https:\/\/atitudenoticias.com.br\/index.php?rest_route=\/wp\/v2\/media\/5010"}],"wp:attachment":[{"href":"https:\/\/atitudenoticias.com.br\/index.php?rest_route=%2Fwp%2Fv2%2Fmedia&parent=5009"}],"wp:term":[{"taxonomy":"category","embeddable":true,"href":"https:\/\/atitudenoticias.com.br\/index.php?rest_route=%2Fwp%2Fv2%2Fcategories&post=5009"},{"taxonomy":"post_tag","embeddable":true,"href":"https:\/\/atitudenoticias.com.br\/index.php?rest_route=%2Fwp%2Fv2%2Ftags&post=5009"}],"curies":[{"name":"wp","href":"https:\/\/api.w.org\/{rel}","templated":true}]}}