{"id":5077,"date":"2022-09-07T12:00:00","date_gmt":"2022-09-07T12:00:00","guid":{"rendered":"http:\/\/atitudenoticias.com.br\/?p=5077"},"modified":"2022-09-07T03:56:35","modified_gmt":"2022-09-07T03:56:35","slug":"aprovado-projeto-de-lei-que-dispoe-sobre-a-divulgacao-da-agenda-de-compromissos-publicos-do-prefeito-e-autoridades-municipais","status":"publish","type":"post","link":"https:\/\/atitudenoticias.com.br\/?p=5077","title":{"rendered":"Aprovado projeto de lei que disp\u00f5e sobre a divulga\u00e7\u00e3o da agenda de compromissos p\u00fablicos do prefeito e autoridades municipais"},"content":{"rendered":"\n<p>Com a maioria dos votos favor\u00e1veis dos vereadores presentes no plen\u00e1rio, o projeto de lei n\u00ba 61\/2022, de autoria do vereador Fernando Torres (PSD), que disp\u00f5e sobre a divulga\u00e7\u00e3o da agenda de compromissos p\u00fablicos do prefeito municipal de Feira de Santana e demais autoridades do Poder Executivo, foi aprovado durante a ordem do dia desta ter\u00e7a-feira (6).<\/p>\n\n\n\n<p>De acordo com a propositura, considera-se a agenda de compromissos p\u00fablicos o registro publicado em transpar\u00eancia ativa, em p\u00e1gina oficial da Prefeitura na internet, em que devem constar todas as audi\u00eancias, eventos p\u00fablicos e reuni\u00f5es governamentais de que participe a autoridade, ainda que realizadas por meios n\u00e3o presenciais, bem como todo aquele que solicite audi\u00eancia para tratar de interesse privado seu ou de terceiros, mesmo que ocupante de posto, cargo, emprego ou fun\u00e7\u00e3o p\u00fablica.<\/p>\n\n\n\n<p>Consta na lei, ainda, que agente p\u00fablico \u00e9 aquele investido em cargo p\u00fablico por meio de elei\u00e7\u00e3o, nomea\u00e7\u00e3o ou designa\u00e7\u00e3o, cuja compet\u00eancia adv\u00e9m da pr\u00f3pria Constitui\u00e7\u00e3o Federal de 1988, assim como tamb\u00e9m \u00e9 todo aquele que exerce cargo, fun\u00e7\u00e3o, emprego ou mandato, mesmo que transitoriamente, com ou sem remunera\u00e7\u00e3o, por&nbsp; qualquer forma de investidura no v\u00ednculo, inclusive os integrantes da alta administra\u00e7\u00e3o, estagi\u00e1rios, residentes, cong\u00eaneres, em \u00f3rg\u00e3o ou entidade da Administra\u00e7\u00e3o P\u00fablica Direta, Indireta ou Fundacional, de qualquer dos poderes da Uni\u00e3o, dos Estados, do Distrito Federal e dos Munic\u00edpios, de empresa incorporada ao patrim\u00f4nio p\u00fablico ou de entidade para cuja cria\u00e7\u00e3o ou custeio ao er\u00e1rio haja concorrido ou concorra com mais de 50% do patrim\u00f4nio ou da receita anual.<\/p>\n\n\n\n<p>A responsabilidade pela publica\u00e7\u00e3o e atualiza\u00e7\u00e3o dos compromissos p\u00fablicos \u00e9 do pr\u00f3prio agente p\u00fablico ao qual a agenda se refere, e do \u00f3rg\u00e3o ou entidade p\u00fablica ao qual est\u00e1 vinculado, conforme consta no artigo 5\u00ba do projeto de lei aprovado. E as despesas decorrentes da aplica\u00e7\u00e3o da lei correr\u00e3o por conta da dota\u00e7\u00e3o da Secretaria Municipal de Comunica\u00e7\u00e3o.<\/p>\n\n\n\n<p><strong><em>(ASCOM\/CMFS &#8211; Foto: Mario Neto)<\/em><\/strong><\/p>\n","protected":false},"excerpt":{"rendered":"<p>Com a maioria dos votos favor\u00e1veis dos vereadores presentes no plen\u00e1rio, o projeto de lei&hellip;<\/p>\n","protected":false},"author":2,"featured_media":5078,"comment_status":"open","ping_status":"open","sticky":false,"template":"","format":"standard","meta":{"footnotes":""},"categories":[58,30],"tags":[],"class_list":["post-5077","post","type-post","status-publish","format-standard","has-post-thumbnail","hentry","category-feira-de-santana","category-politica"],"_links":{"self":[{"href":"https:\/\/atitudenoticias.com.br\/index.php?rest_route=\/wp\/v2\/posts\/5077","targetHints":{"allow":["GET"]}}],"collection":[{"href":"https:\/\/atitudenoticias.com.br\/index.php?rest_route=\/wp\/v2\/posts"}],"about":[{"href":"https:\/\/atitudenoticias.com.br\/index.php?rest_route=\/wp\/v2\/types\/post"}],"author":[{"embeddable":true,"href":"https:\/\/atitudenoticias.com.br\/index.php?rest_route=\/wp\/v2\/users\/2"}],"replies":[{"embeddable":true,"href":"https:\/\/atitudenoticias.com.br\/index.php?rest_route=%2Fwp%2Fv2%2Fcomments&post=5077"}],"version-history":[{"count":1,"href":"https:\/\/atitudenoticias.com.br\/index.php?rest_route=\/wp\/v2\/posts\/5077\/revisions"}],"predecessor-version":[{"id":5079,"href":"https:\/\/atitudenoticias.com.br\/index.php?rest_route=\/wp\/v2\/posts\/5077\/revisions\/5079"}],"wp:featuredmedia":[{"embeddable":true,"href":"https:\/\/atitudenoticias.com.br\/index.php?rest_route=\/wp\/v2\/media\/5078"}],"wp:attachment":[{"href":"https:\/\/atitudenoticias.com.br\/index.php?rest_route=%2Fwp%2Fv2%2Fmedia&parent=5077"}],"wp:term":[{"taxonomy":"category","embeddable":true,"href":"https:\/\/atitudenoticias.com.br\/index.php?rest_route=%2Fwp%2Fv2%2Fcategories&post=5077"},{"taxonomy":"post_tag","embeddable":true,"href":"https:\/\/atitudenoticias.com.br\/index.php?rest_route=%2Fwp%2Fv2%2Ftags&post=5077"}],"curies":[{"name":"wp","href":"https:\/\/api.w.org\/{rel}","templated":true}]}}