{"id":5080,"date":"2022-09-07T11:56:00","date_gmt":"2022-09-07T11:56:00","guid":{"rendered":"http:\/\/atitudenoticias.com.br\/?p=5080"},"modified":"2022-09-07T04:05:00","modified_gmt":"2022-09-07T04:05:00","slug":"expo-india-traz-elementos-historicos-e-culturais-de-varios-paises-para-o-boulevard-shopping","status":"publish","type":"post","link":"https:\/\/atitudenoticias.com.br\/?p=5080","title":{"rendered":"Expo \u00cdndia traz elementos hist\u00f3ricos e culturais de v\u00e1rios pa\u00edses para o Boulevard Shopping"},"content":{"rendered":"\n<p><strong><em>A feira estar\u00e1 montada at\u00e9 18 de setembro na Pra\u00e7a de Eventos<\/em><\/strong><\/p>\n\n\n\n<p>Quem for ao Boulevard Shopping nos pr\u00f3ximos dias poder\u00e1 se encantar com a Expo \u00cdndia, uma feira que traz a cultura e hist\u00f3ria da \u00cdndia e de outros pa\u00edses. Montado na Pra\u00e7a de Eventos, o espa\u00e7o abriga um universo fascinante, ex\u00f3tico e colorido para quem visitar o empreendimento at\u00e9 o dia 18 de setembro.<\/p>\n\n\n\n<p>No espa\u00e7o montado especialmente para a feira, ser\u00e1 poss\u00edvel apreciar e adquirir artigos de decora\u00e7\u00e3o, entre eles colchas, almofadas, tapetes, est\u00e1tuas em bronze e madeira, al\u00e9m de doces, incensos, roupas e acess\u00f3rios como batas, vestidos, saias, cal\u00e7as, joias, semij\u00f3ias, bolsas e outros itens.<\/p>\n\n\n\n<p>\u201cConhecer culturas \u00e9 algo fascinante, e no Boulevard, ser\u00e1 poss\u00edvel vivenciar um pouco do universo desses pa\u00edses sem precisar viajar. A nossa inten\u00e7\u00e3o \u00e9 proporcionar esse momento de conhecimento e intera\u00e7\u00e3o cultural, como tamb\u00e9m a oportunidade de acesso \u00e0 produtos \u00fanicos. Ficamos felizes em poder apresentar artigos t\u00e3o simb\u00f3licos de outros povos para nossos clientes\u201d, destacou Jo\u00e3o Almeida, Gerente de Marketing do empreendimento.<\/p>\n\n\n\n<p>A feira vai at\u00e9 18 de setembro na Pra\u00e7a de Eventos, de segunda a s\u00e1bado, das 9h \u00e0s 22h, e aos domingos, das 14h \u00e0s 20h, durante o funcionamento do shopping.<\/p>\n\n\n\n<p>Novo Hor\u00e1rio<br>Desde janeiro o Boulevard Shopping abre uma hora mais cedo, a partir das 9h, ampliando o hor\u00e1rio de funcionamento. Com a extens\u00e3o no hor\u00e1rio, os clientes t\u00eam mais tempo para aproveitar todos os servi\u00e7os do shopping, como academia, bancos, casa lot\u00e9rica e cl\u00ednicas. Lojas, quiosques e a Pra\u00e7a de Alimenta\u00e7\u00e3o est\u00e3o prontas para iniciar as opera\u00e7\u00f5es mais cedo. De segunda a s\u00e1bado o empreendimento funciona das 9h \u00e0s 22h, e aos domingos das 14h \u00e0s 20h; garantindo mais tempo para a realiza\u00e7\u00e3o de refei\u00e7\u00f5es, a Pra\u00e7a de Alimenta\u00e7\u00e3o funciona das 12h \u00e0s 21h.<\/p>\n\n\n\n<figure class=\"wp-block-image size-large\"><img fetchpriority=\"high\" decoding=\"async\" width=\"1024\" height=\"682\" src=\"http:\/\/atitudenoticias.com.br\/wp-content\/uploads\/2022\/09\/10a9da20-d78b-4381-a546-ef037fb94e53-1024x682.jpg\" alt=\"\" class=\"wp-image-5082\" srcset=\"https:\/\/atitudenoticias.com.br\/wp-content\/uploads\/2022\/09\/10a9da20-d78b-4381-a546-ef037fb94e53-1024x682.jpg 1024w, https:\/\/atitudenoticias.com.br\/wp-content\/uploads\/2022\/09\/10a9da20-d78b-4381-a546-ef037fb94e53-300x200.jpg 300w, https:\/\/atitudenoticias.com.br\/wp-content\/uploads\/2022\/09\/10a9da20-d78b-4381-a546-ef037fb94e53-768x511.jpg 768w, https:\/\/atitudenoticias.com.br\/wp-content\/uploads\/2022\/09\/10a9da20-d78b-4381-a546-ef037fb94e53-1170x779.jpg 1170w, https:\/\/atitudenoticias.com.br\/wp-content\/uploads\/2022\/09\/10a9da20-d78b-4381-a546-ef037fb94e53-585x389.jpg 585w, https:\/\/atitudenoticias.com.br\/wp-content\/uploads\/2022\/09\/10a9da20-d78b-4381-a546-ef037fb94e53-263x175.jpg 263w, https:\/\/atitudenoticias.com.br\/wp-content\/uploads\/2022\/09\/10a9da20-d78b-4381-a546-ef037fb94e53.jpg 1280w\" sizes=\"(max-width: 1024px) 100vw, 1024px\" \/><\/figure>\n\n\n\n<p>Servi\u00e7o:<br>O que: Expo \u00edndia<br>Quando: At\u00e9 18 de setembro<br>Onde: Pra\u00e7a Central do Boulevard Shopping<br>Hor\u00e1rio: De segunda a s\u00e1bado, das 9h \u00e0s 22h, e aos domingos, das 14h \u00e0s 20h.<\/p>\n","protected":false},"excerpt":{"rendered":"<p>A feira estar\u00e1 montada at\u00e9 18 de setembro na Pra\u00e7a de Eventos Quem for ao&hellip;<\/p>\n","protected":false},"author":2,"featured_media":5081,"comment_status":"open","ping_status":"open","sticky":false,"template":"","format":"standard","meta":{"footnotes":""},"categories":[23,58],"tags":[],"class_list":["post-5080","post","type-post","status-publish","format-standard","has-post-thumbnail","hentry","category-entretenimento","category-feira-de-santana"],"_links":{"self":[{"href":"https:\/\/atitudenoticias.com.br\/index.php?rest_route=\/wp\/v2\/posts\/5080","targetHints":{"allow":["GET"]}}],"collection":[{"href":"https:\/\/atitudenoticias.com.br\/index.php?rest_route=\/wp\/v2\/posts"}],"about":[{"href":"https:\/\/atitudenoticias.com.br\/index.php?rest_route=\/wp\/v2\/types\/post"}],"author":[{"embeddable":true,"href":"https:\/\/atitudenoticias.com.br\/index.php?rest_route=\/wp\/v2\/users\/2"}],"replies":[{"embeddable":true,"href":"https:\/\/atitudenoticias.com.br\/index.php?rest_route=%2Fwp%2Fv2%2Fcomments&post=5080"}],"version-history":[{"count":1,"href":"https:\/\/atitudenoticias.com.br\/index.php?rest_route=\/wp\/v2\/posts\/5080\/revisions"}],"predecessor-version":[{"id":5083,"href":"https:\/\/atitudenoticias.com.br\/index.php?rest_route=\/wp\/v2\/posts\/5080\/revisions\/5083"}],"wp:featuredmedia":[{"embeddable":true,"href":"https:\/\/atitudenoticias.com.br\/index.php?rest_route=\/wp\/v2\/media\/5081"}],"wp:attachment":[{"href":"https:\/\/atitudenoticias.com.br\/index.php?rest_route=%2Fwp%2Fv2%2Fmedia&parent=5080"}],"wp:term":[{"taxonomy":"category","embeddable":true,"href":"https:\/\/atitudenoticias.com.br\/index.php?rest_route=%2Fwp%2Fv2%2Fcategories&post=5080"},{"taxonomy":"post_tag","embeddable":true,"href":"https:\/\/atitudenoticias.com.br\/index.php?rest_route=%2Fwp%2Fv2%2Ftags&post=5080"}],"curies":[{"name":"wp","href":"https:\/\/api.w.org\/{rel}","templated":true}]}}