{"id":5095,"date":"2022-09-08T19:29:11","date_gmt":"2022-09-08T19:29:11","guid":{"rendered":"http:\/\/atitudenoticias.com.br\/?p=5095"},"modified":"2022-09-08T19:29:13","modified_gmt":"2022-09-08T19:29:13","slug":"valor-milionario-saiba-quanto-o-flamengo-ja-garantiu-em-premios-na-libertadores-2022","status":"publish","type":"post","link":"https:\/\/atitudenoticias.com.br\/?p=5095","title":{"rendered":"Valor milion\u00e1rio! Saiba quanto o Flamengo j\u00e1 garantiu em pr\u00eamios na Libertadores 2022"},"content":{"rendered":"\n<p><strong><em>Com a classifica\u00e7\u00e3o para a final, o Rubro-Negro confirmou, ao menos, R$ 81 milh\u00f5es em premia\u00e7\u00e3o<\/em><\/strong><\/p>\n\n\n\n<p>O&nbsp;<a href=\"https:\/\/www.terra.com.br\/esportes\/flamengo\/flamengo-vira-sobre-velez-sarsfield-e-faz-final-brasileira-da-libertadores-com-o-athletico-pr,7245cabb4a9b454232f086b3ef446729fv2mqwcl.html\"><strong>Flamengo<\/strong>&nbsp;venceu o V\u00e9lez por 2 a 1<\/a>&nbsp;e confirmou a classifica\u00e7\u00e3o para a grande decis\u00e3o da&nbsp;<a href=\"https:\/\/www.terra.com.br\/esportes\/futebol\/libertadores\/tabela\/\"><strong>Libertadores<\/strong><\/a>. Al\u00e9m do fator futebol, o Rubro-Negro tamb\u00e9m garantiu, pelo menos, R$ 81 milh\u00f5es em premia\u00e7\u00e3o nesta edi\u00e7\u00e3o do torneio continental.<\/p>\n\n\n\n<p>Da fase de grupo at\u00e9 as semifinais, o Mais Querido garantiu 7,55 milh\u00f5es de d\u00f3lares, cerca de R$ 39,5 milh\u00f5es na cota\u00e7\u00e3o atual. Com a vaga na final, o valor aumentou em seis milh\u00f5es de d\u00f3lares, que \u00e9 a premia\u00e7\u00e3o dada ao segundo colocado do torneio.<\/p>\n\n\n\n<p>Caso se sagre campe\u00e3o, o valor \u00e9 de US$ 16 milh\u00f5es. Dessa forma, se conseguir o tricampeonato da Libertadores, o&nbsp;<a href=\"https:\/\/www.terra.com.br\/esportes\/flamengo\/\">Flamengo<\/a>&nbsp;embolsar\u00e1 23,55 milh\u00f5es de d\u00f3lares, cerca de R$ 123 milh\u00f5es na cota\u00e7\u00e3o atual. E as marcas expressivas do Rubro-Negro n\u00e3o param por a\u00ed.<\/p>\n\n\n\n<p><strong>VEJA A PREMIA\u00c7\u00c3O POR FASE<\/strong><\/p>\n\n\n\n<p>Fase de grupos: US$ 3 milh\u00f5es;<\/p>\n\n\n\n<p>Oitavas de final: U$$ 1.05 milh\u00e3o;<\/p>\n\n\n\n<p>Quartas de final: U$$ 1.5 milh\u00e3o;<\/p>\n\n\n\n<p>Semifinal: US$ 2 milh\u00f5es;<\/p>\n\n\n\n<p>Vice-campe\u00e3o: US$ 6 milh\u00f5es;<\/p>\n\n\n\n<p>Campe\u00e3o: US$ 16 milh\u00f5es.<\/p>\n\n\n\n<p>Na final\u00edssima, o Rubro-Negro ter\u00e1 direito a 25% da renda de bilheteria. Tendo como base os valores da \u00faltima decis\u00e3o, entre Flamengo e Palmeiras, o Clube da G\u00e1vea deve embolsar cerca de R$ 8 milh\u00f5es. A final acontecer\u00e1 no dia 29 de outubro, em Guayaquil.<\/p>\n\n\n\n<p><strong><em>(Terra &#8211; Foto: Marcelo Cortes)<\/em><\/strong><\/p>\n","protected":false},"excerpt":{"rendered":"<p>Com a classifica\u00e7\u00e3o para a final, o Rubro-Negro confirmou, ao menos, R$ 81 milh\u00f5es em&hellip;<\/p>\n","protected":false},"author":2,"featured_media":5096,"comment_status":"open","ping_status":"open","sticky":false,"template":"","format":"standard","meta":{"footnotes":""},"categories":[26],"tags":[],"class_list":["post-5095","post","type-post","status-publish","format-standard","has-post-thumbnail","hentry","category-esportes"],"_links":{"self":[{"href":"https:\/\/atitudenoticias.com.br\/index.php?rest_route=\/wp\/v2\/posts\/5095","targetHints":{"allow":["GET"]}}],"collection":[{"href":"https:\/\/atitudenoticias.com.br\/index.php?rest_route=\/wp\/v2\/posts"}],"about":[{"href":"https:\/\/atitudenoticias.com.br\/index.php?rest_route=\/wp\/v2\/types\/post"}],"author":[{"embeddable":true,"href":"https:\/\/atitudenoticias.com.br\/index.php?rest_route=\/wp\/v2\/users\/2"}],"replies":[{"embeddable":true,"href":"https:\/\/atitudenoticias.com.br\/index.php?rest_route=%2Fwp%2Fv2%2Fcomments&post=5095"}],"version-history":[{"count":1,"href":"https:\/\/atitudenoticias.com.br\/index.php?rest_route=\/wp\/v2\/posts\/5095\/revisions"}],"predecessor-version":[{"id":5097,"href":"https:\/\/atitudenoticias.com.br\/index.php?rest_route=\/wp\/v2\/posts\/5095\/revisions\/5097"}],"wp:featuredmedia":[{"embeddable":true,"href":"https:\/\/atitudenoticias.com.br\/index.php?rest_route=\/wp\/v2\/media\/5096"}],"wp:attachment":[{"href":"https:\/\/atitudenoticias.com.br\/index.php?rest_route=%2Fwp%2Fv2%2Fmedia&parent=5095"}],"wp:term":[{"taxonomy":"category","embeddable":true,"href":"https:\/\/atitudenoticias.com.br\/index.php?rest_route=%2Fwp%2Fv2%2Fcategories&post=5095"},{"taxonomy":"post_tag","embeddable":true,"href":"https:\/\/atitudenoticias.com.br\/index.php?rest_route=%2Fwp%2Fv2%2Ftags&post=5095"}],"curies":[{"name":"wp","href":"https:\/\/api.w.org\/{rel}","templated":true}]}}