{"id":5098,"date":"2022-09-08T19:36:01","date_gmt":"2022-09-08T19:36:01","guid":{"rendered":"http:\/\/atitudenoticias.com.br\/?p=5098"},"modified":"2022-09-08T19:36:03","modified_gmt":"2022-09-08T19:36:03","slug":"feira-confirma-seis-casos-da-nova-cepa-da-dengue","status":"publish","type":"post","link":"https:\/\/atitudenoticias.com.br\/?p=5098","title":{"rendered":"Feira confirma seis casos da nova cepa da dengue"},"content":{"rendered":"\n<p><em><strong>O primeiro caso foi registrado no pa\u00eds em fevereiro, em Aparecida de Goi\u00e2nia, em Goi\u00e1s<\/strong><\/em><\/p>\n\n\n\n<p>Feira de Santana confirmou seis casos de uma nova variante do v\u00edrus da dengue tipo 2, chamada Cosmopolita. A doen\u00e7a \u00e9 um gen\u00f3tipo do v\u00edrus e \u00e9 transmitida pelo mosquito Aedes Aegypti. Os pacientes infectados est\u00e3o bem e n\u00e3o apresentaram sintomas graves.&nbsp;<\/p>\n\n\n\n<p>A identifica\u00e7\u00e3o da cepa no munic\u00edpio ocorreu a partir de pesquisas de sequenciamento gen\u00e9tico realizadas pela Secretaria de Sa\u00fade do Estado da Bahia (SESAB), em parceria com a Secretaria Municipal de Sa\u00fade (SMS) e Funda\u00e7\u00e3o Oswaldo Cruz (Fiocruz).&nbsp;Na Bahia, al\u00e9m de Feira, Cama\u00e7ari registrou dois casos do v\u00edrus.&nbsp;<\/p>\n\n\n\n<p>Na manh\u00e3 desta quinta-feira, 8, o prefeito Colbert Martins Filho se reuniu, na sede da SMS, com representantes da vigil\u00e2ncia epidemiol\u00f3gica da rede municipal e estadual para implementar estrat\u00e9gias de preven\u00e7\u00e3o.<\/p>\n\n\n\n<figure class=\"wp-block-image size-large\"><img fetchpriority=\"high\" decoding=\"async\" width=\"1024\" height=\"768\" src=\"http:\/\/atitudenoticias.com.br\/wp-content\/uploads\/2022\/09\/WhatsApp-Image-2022-09-08-at-13.15.38-1024x768.jpeg\" alt=\"\" class=\"wp-image-5099\" srcset=\"https:\/\/atitudenoticias.com.br\/wp-content\/uploads\/2022\/09\/WhatsApp-Image-2022-09-08-at-13.15.38-1024x768.jpeg 1024w, https:\/\/atitudenoticias.com.br\/wp-content\/uploads\/2022\/09\/WhatsApp-Image-2022-09-08-at-13.15.38-300x225.jpeg 300w, https:\/\/atitudenoticias.com.br\/wp-content\/uploads\/2022\/09\/WhatsApp-Image-2022-09-08-at-13.15.38-768x576.jpeg 768w, https:\/\/atitudenoticias.com.br\/wp-content\/uploads\/2022\/09\/WhatsApp-Image-2022-09-08-at-13.15.38-1536x1152.jpeg 1536w, https:\/\/atitudenoticias.com.br\/wp-content\/uploads\/2022\/09\/WhatsApp-Image-2022-09-08-at-13.15.38-1170x878.jpeg 1170w, https:\/\/atitudenoticias.com.br\/wp-content\/uploads\/2022\/09\/WhatsApp-Image-2022-09-08-at-13.15.38-585x439.jpeg 585w, https:\/\/atitudenoticias.com.br\/wp-content\/uploads\/2022\/09\/WhatsApp-Image-2022-09-08-at-13.15.38.jpeg 1600w\" sizes=\"(max-width: 1024px) 100vw, 1024px\" \/><\/figure>\n\n\n\n<p>\u201c\u00c9 uma cepa que ainda n\u00e3o descobrimos como veio aparecer aqui em Feira e pode apresentar um aumento na incid\u00eancia de casos. Pe\u00e7o aos moradores que evitem o ac\u00famulo de \u00e1gua em recipientes, mantenham o quintal limpo e que n\u00e3o deixem tanques de \u00e1gua descobertos. Simples atitudes que v\u00e3o evitar a reprodu\u00e7\u00e3o do mosquito\u201d, orienta o prefeito.<\/p>\n\n\n\n<p>Os sintomas s\u00e3o semelhantes ao da dengue, de modo geral. Causa febre, n\u00e1useas, desidrata\u00e7\u00e3o, dor abdominal, irrita\u00e7\u00e3o da pele, dor de cabe\u00e7a e dor ao redor dos olhos.&nbsp;Ao sentir os sintomas, a orienta\u00e7\u00e3o \u00e9 procurar a unidade de sa\u00fade mais pr\u00f3xima.<\/p>\n\n\n\n<p>Para controle e preven\u00e7\u00e3o dos casos de dengue, os agentes de endemias v\u00e3o intensificar as vistorias em domic\u00edlios, terrenos baldios, im\u00f3veis abandonados, dep\u00f3sitos, aplicando larvicidas e inseticidas e orientando quanto a preven\u00e7\u00e3o.<\/p>\n\n\n\n<p><strong>COSMOPOLITA<\/strong><\/p>\n\n\n\n<p>No Brasil, foram registrados casos em Goi\u00e1s, Mato Grosso, S\u00e3o Paulo, Bahia e Mato Grosso do Sul. Segundo a Fiocruz, o gen\u00f3tipo Cosmopolita tem a capacidade de se espalhar facilmente e \u00e9 o mais disseminado no mundo, mas nunca tinha sido encontrado no territ\u00f3rio brasileiro. O primeiro caso foi registrado no pa\u00eds em fevereiro, em Aparecida de Goi\u00e2nia, em Goi\u00e1s.<\/p>\n\n\n\n<figure class=\"wp-block-image size-large\"><img decoding=\"async\" width=\"1024\" height=\"517\" src=\"http:\/\/atitudenoticias.com.br\/wp-content\/uploads\/2022\/09\/08092022140610-1024x517.jpg\" alt=\"\" class=\"wp-image-5100\" srcset=\"https:\/\/atitudenoticias.com.br\/wp-content\/uploads\/2022\/09\/08092022140610-1024x517.jpg 1024w, https:\/\/atitudenoticias.com.br\/wp-content\/uploads\/2022\/09\/08092022140610-300x152.jpg 300w, https:\/\/atitudenoticias.com.br\/wp-content\/uploads\/2022\/09\/08092022140610-768x388.jpg 768w, https:\/\/atitudenoticias.com.br\/wp-content\/uploads\/2022\/09\/08092022140610-1170x591.jpg 1170w, https:\/\/atitudenoticias.com.br\/wp-content\/uploads\/2022\/09\/08092022140610-585x296.jpg 585w, https:\/\/atitudenoticias.com.br\/wp-content\/uploads\/2022\/09\/08092022140610.jpg 1306w\" sizes=\"(max-width: 1024px) 100vw, 1024px\" \/><\/figure>\n\n\n\n<p><strong><em>(SECOM\/PMFS &#8211; Fotos: ACM)<\/em><\/strong><\/p>\n","protected":false},"excerpt":{"rendered":"<p>O primeiro caso foi registrado no pa\u00eds em fevereiro, em Aparecida de Goi\u00e2nia, em Goi\u00e1s&hellip;<\/p>\n","protected":false},"author":2,"featured_media":5101,"comment_status":"open","ping_status":"open","sticky":false,"template":"","format":"standard","meta":{"footnotes":""},"categories":[58,25],"tags":[],"class_list":["post-5098","post","type-post","status-publish","format-standard","has-post-thumbnail","hentry","category-feira-de-santana","category-saude"],"_links":{"self":[{"href":"https:\/\/atitudenoticias.com.br\/index.php?rest_route=\/wp\/v2\/posts\/5098","targetHints":{"allow":["GET"]}}],"collection":[{"href":"https:\/\/atitudenoticias.com.br\/index.php?rest_route=\/wp\/v2\/posts"}],"about":[{"href":"https:\/\/atitudenoticias.com.br\/index.php?rest_route=\/wp\/v2\/types\/post"}],"author":[{"embeddable":true,"href":"https:\/\/atitudenoticias.com.br\/index.php?rest_route=\/wp\/v2\/users\/2"}],"replies":[{"embeddable":true,"href":"https:\/\/atitudenoticias.com.br\/index.php?rest_route=%2Fwp%2Fv2%2Fcomments&post=5098"}],"version-history":[{"count":1,"href":"https:\/\/atitudenoticias.com.br\/index.php?rest_route=\/wp\/v2\/posts\/5098\/revisions"}],"predecessor-version":[{"id":5102,"href":"https:\/\/atitudenoticias.com.br\/index.php?rest_route=\/wp\/v2\/posts\/5098\/revisions\/5102"}],"wp:featuredmedia":[{"embeddable":true,"href":"https:\/\/atitudenoticias.com.br\/index.php?rest_route=\/wp\/v2\/media\/5101"}],"wp:attachment":[{"href":"https:\/\/atitudenoticias.com.br\/index.php?rest_route=%2Fwp%2Fv2%2Fmedia&parent=5098"}],"wp:term":[{"taxonomy":"category","embeddable":true,"href":"https:\/\/atitudenoticias.com.br\/index.php?rest_route=%2Fwp%2Fv2%2Fcategories&post=5098"},{"taxonomy":"post_tag","embeddable":true,"href":"https:\/\/atitudenoticias.com.br\/index.php?rest_route=%2Fwp%2Fv2%2Ftags&post=5098"}],"curies":[{"name":"wp","href":"https:\/\/api.w.org\/{rel}","templated":true}]}}