{"id":5133,"date":"2022-09-11T04:34:33","date_gmt":"2022-09-11T04:34:33","guid":{"rendered":"http:\/\/atitudenoticias.com.br\/?p=5133"},"modified":"2022-09-11T04:34:35","modified_gmt":"2022-09-11T04:34:35","slug":"coligacao-de-lula-entra-com-acao-no-tse-contra-bolsonaro-por-atos-no-7-de-setembro","status":"publish","type":"post","link":"https:\/\/atitudenoticias.com.br\/?p=5133","title":{"rendered":"Coliga\u00e7\u00e3o de Lula entra com a\u00e7\u00e3o no TSE contra Bolsonaro por atos no 7 de Setembro"},"content":{"rendered":"\n<p>A Coliga\u00e7\u00e3o Brasil da Esperan\u00e7a, que tem Luiz In\u00e1cio&nbsp;<a href=\"https:\/\/g1.globo.com\/politica\/politico\/lula\/\">Lula<\/a>&nbsp;da Silva (<a href=\"https:\/\/g1.globo.com\/politica\/partido\/pt\/\">PT<\/a>) como candidato \u00e0 Presid\u00eancia, protocolou neste s\u00e1bado (10), no&nbsp;<a href=\"https:\/\/g1.globo.com\/tudo-sobre\/tribunal-superior-eleitoral\/\">Tribunal Superior Eleitoral<\/a>&nbsp;(TSE), uma a\u00e7\u00e3o na qual pede que o presidente&nbsp;<a href=\"https:\/\/g1.globo.com\/politica\/politico\/jair-bolsonaro\/\">Jair Bolsonaro<\/a>, candidato do&nbsp;<a href=\"https:\/\/g1.globo.com\/politica\/partido\/pl\/\">PL<\/a>&nbsp;\u00e0 reelei\u00e7\u00e3o, seja impedido de usar na campanha eleitoral imagens dos atos a que compareceu no 7 de Setembro.<\/p>\n\n\n\n<p>Bolsonaro participou na quarta-feira (7), no feriado de 7 de Setembro, de\u00a0<a href=\"https:\/\/g1.globo.com\/politica\/eleicoes\/2022\/noticia\/2022\/09\/07\/bolsonaro-usa-7-de-setembro-para-fazer-campanha-puxa-coro-machista-e-reune-multidoes-em-atos-com-faixas-antidemocraticas.ghtml\">dois atos comemorativos aos 200 anos da Independ\u00eancia do Brasil<\/a>. Em Bras\u00edlia e no Rio de Janeiro, os festejos c\u00edvicos e militares foram misturados com a\u00e7\u00f5es de campanha do candidato \u00e0 reelei\u00e7\u00e3o.\u00a0<a href=\"https:\/\/g1.globo.com\/politica\/eleicoes\/2022\/noticia\/2022\/09\/09\/ministro-do-tse-abre-investigacao-sobre-condutas-de-bolsonaro-e-braga-netto-no-7-de-setembro.ghtml\">O caso j\u00e1 \u00e9 alvo de investiga\u00e7\u00e3o no TSE<\/a>\u00a0<\/p>\n\n\n\n<p>Nos dois atos, Bolsonaro discursou para milhares de apoiadores que o esperavam nos eventos, pediu votos, enalteceu a\u00e7\u00f5es do seu governo e atacou advers\u00e1rios, em especial, o ex-presidente Luiz In\u00e1cio Lula da Silva (PT), que<a href=\"https:\/\/g1.globo.com\/politica\/eleicoes\/2022\/noticia\/2022\/09\/09\/datafolha-lula-mantem-45percent-e-bolsonaro-passa-de-32percent-para-34percent.ghtml\">&nbsp;lidera as pesquisas de inten\u00e7\u00e3o de votos<\/a>.<\/p>\n\n\n\n<p>Na a\u00e7\u00e3o de investiga\u00e7\u00e3o judicial eleitoral por abuso de poder pol\u00edtico e econ\u00f4mico e uso indevido dos meios de comunica\u00e7\u00e3o apresentada ao TSE, a coliga\u00e7\u00e3o de Lula solicita, entre outros pedidos, que Bolsonaro seja impedido de promover ou utilizar na campanha eleitoral &#8220;quaisquer materiais gr\u00e1ficos, fotografias ou v\u00eddeos, produzidos por ele ou por terceiros, dos atos realizados em Bras\u00edlia\/DF e no Rio de Janeiro\/RJ no dia 7 de setembro de 2022&#8221;.<\/p>\n\n\n\n<p>A equipe de Bolsonaro j\u00e1 tem divulgado imagens dos atos na propaganda eleitoral e em inser\u00e7\u00f5es na TV.<\/p>\n\n\n\n<h2 class=\"wp-block-heading\">Quebras de sigilo<\/h2>\n\n\n\n<p>A campanha de Lula tamb\u00e9m pede que sejam apuradas as condutas, nos atos do Bicenten\u00e1rio da Independ\u00eancia, do candidato a vice na chapa de Bolsonaro, Braga Netto; do atual vice-presidente&nbsp;<a href=\"https:\/\/g1.globo.com\/politica\/politico\/antonio-hamilton-martins-mourao\/\">Hamilton Mour\u00e3o<\/a>, que \u00e9 candidato ao Senado no Rio Grande do Sul; e de apoiadores do presidente que participaram dos eventos em Bras\u00edlia e no Rio de Janeiro.<\/p>\n\n\n\n<p>Entre as solicita\u00e7\u00f5es da Coliga\u00e7\u00e3o Brasil da Esperan\u00e7a, est\u00e3o, inclusive, pedidos de quebra de sigilo banc\u00e1rio, telef\u00f4nico e de mensagens dos apoiadores do presidente que atuaram na organiza\u00e7\u00e3o dos atos de campanha. A campanha de Lula tamb\u00e9m quer que a Justi\u00e7a Eleitoral tome os depoimentos de Bolsonaro, Braga Netto, Mour\u00e3o e dos demais envolvidos.<\/p>\n\n\n\n<p>A coliga\u00e7\u00e3o do petista pede ainda que, ao final das investiga\u00e7\u00f5es, a a\u00e7\u00e3o seja julgada e, em caso de proced\u00eancia, a chapa do PL seja considerada ineleg\u00edvel.<\/p>\n\n\n\n<p>&#8220;Jair Bolsonaro construiu uma cadeia de narrativa, na qual apresentou supostas benfeitorias de seu governo, atacou opositores e pediu votos ao afirmar que com sua reelei\u00e7\u00e3o, o Brasil melhorar\u00e1. Ou seja, promoveu clara confus\u00e3o entre o papel de chefe de Governo com candidato \u00e0 reelei\u00e7\u00e3o, promovendo consequente confus\u00e3o nos cidad\u00e3os brasileiros sobre aquilo que seria ato institucional e campanha de governo, aproveitando-se de sua posi\u00e7\u00e3o de presidente da Rep\u00fablica para causar de forma ardilosa este tumulto e se beneficiar no campo eleitoral, a partir, inclusive, da contrata\u00e7\u00e3o com dinheiro p\u00fablico de estrutura para a campanha&#8221;, diz trecho da pe\u00e7a protocolada no TSE neste s\u00e1bado.<\/p>\n\n\n\n<h2 class=\"wp-block-heading\">Outras a\u00e7\u00f5es<\/h2>\n\n\n\n<p>Bolsonaro foi criticado por lideran\u00e7as por ter transformado uma data c\u00edvica em ato de campanha eleitoral. A postura do presidente gerou outras a\u00e7\u00f5es no TSE, al\u00e9m da apresentada pela coliga\u00e7\u00e3o de Lula.<\/p>\n\n\n\n<ul class=\"wp-block-list\"><li><a href=\"https:\/\/g1.globo.com\/politica\/blog\/valdo-cruz\/post\/2022\/09\/09\/oposicao-tem-que-comprovar-que-bolsonaro-misturou-ato-civico-com-eleitoral-dizem-ministros-do-tse.ghtml\">Oposi\u00e7\u00e3o tem que comprovar que Bolsonaro misturou ato c\u00edvico com eleitoral<\/a><\/li><\/ul>\n\n\n\n<p>O&nbsp;<a href=\"https:\/\/g1.globo.com\/politica\/partido\/pdt\/\">PDT<\/a>, que tem&nbsp;<a href=\"https:\/\/g1.globo.com\/politica\/politico\/ciro-gomes\/\">Ciro Gomes<\/a>&nbsp;como candidato, entrou com uma a\u00e7\u00e3o no tribunal para investigar Bolsonaro por&nbsp;<a href=\"https:\/\/g1.globo.com\/politica\/eleicoes\/2022\/noticia\/2022\/09\/08\/pdt-pede-ao-tse-inelegibilidade-de-bolsonaro-por-abuso-de-poder-politico-e-economico-no-7-de-setembro.ghtml\">abuso de poder pol\u00edtico e econ\u00f4mico nos atos de 7 de Setembro<\/a>. O partido tamb\u00e9m pediu a inelegibilidade do presidente.<\/p>\n\n\n\n<p>A candidata \u00e0 Presid\u00eancia&nbsp;<a href=\"https:\/\/g1.globo.com\/politica\/politico\/soraya-thronicke\/\">Soraya Thronicke<\/a>&nbsp;(<a href=\"https:\/\/g1.globo.com\/politica\/partido\/uniao-brasil\/\">Uni\u00e3o Brasil<\/a>) entrou com outra a\u00e7\u00e3o no TSE tamb\u00e9m para que&nbsp;<a href=\"https:\/\/g1.globo.com\/politica\/eleicoes\/2022\/noticia\/2022\/09\/08\/soraya-thronicke-pede-ao-tse-que-bolsonaro-nao-use-imagens-do-7-de-setembro-em-propagandas-eleitorais.ghtml\">Bolsonaro n\u00e3o use as imagens das celebra\u00e7\u00f5es<\/a>&nbsp;do Bicenten\u00e1rio da Independ\u00eancia em propagandas eleitorais.<\/p>\n\n\n\n<h2 class=\"wp-block-heading\">Abertura de investiga\u00e7\u00e3o<\/h2>\n\n\n\n<p>Nesta sexta-feira (9), o ministro Benedito Gon\u00e7alves, corregedor-geral eleitoral do TSE, abriu uma investiga\u00e7\u00e3o para apurar, na \u00e1rea eleitoral, a conduta do presidente Jair Bolsonaro e do vice Braga Netto durante os eventos do Sete de Setembro. Ele decidiu abrir a investiga\u00e7\u00e3o a partir da a\u00e7\u00e3o apresentada pelo PDT.<\/p>\n\n\n\n<p>Para o partido, houve abuso de poder pol\u00edtico e econ\u00f4mico, pelo uso, por Bolsonaro, do cargo e de estrutura para &#8220;desvirtuar o evento para promo\u00e7\u00e3o de sua candidatura&#8221;. Segundo a sigla, os gastos com o evento alcan\u00e7aram R$ 3,38 milh\u00f5es. A legenda pediu ainda que os dois tenham o registro cassado e sejam declarados ineleg\u00edveis.<\/p>\n\n\n\n<p><strong><em>(G1 &#8211; Foto: Andr\u00e9 \u00c1vila)<\/em><\/strong><\/p>\n","protected":false},"excerpt":{"rendered":"<p>A Coliga\u00e7\u00e3o Brasil da Esperan\u00e7a, que tem Luiz In\u00e1cio&nbsp;Lula&nbsp;da Silva (PT) como candidato \u00e0 Presid\u00eancia,&hellip;<\/p>\n","protected":false},"author":2,"featured_media":5134,"comment_status":"open","ping_status":"open","sticky":false,"template":"","format":"standard","meta":{"footnotes":""},"categories":[27,30],"tags":[],"class_list":["post-5133","post","type-post","status-publish","format-standard","has-post-thumbnail","hentry","category-eleicoes","category-politica"],"_links":{"self":[{"href":"https:\/\/atitudenoticias.com.br\/index.php?rest_route=\/wp\/v2\/posts\/5133","targetHints":{"allow":["GET"]}}],"collection":[{"href":"https:\/\/atitudenoticias.com.br\/index.php?rest_route=\/wp\/v2\/posts"}],"about":[{"href":"https:\/\/atitudenoticias.com.br\/index.php?rest_route=\/wp\/v2\/types\/post"}],"author":[{"embeddable":true,"href":"https:\/\/atitudenoticias.com.br\/index.php?rest_route=\/wp\/v2\/users\/2"}],"replies":[{"embeddable":true,"href":"https:\/\/atitudenoticias.com.br\/index.php?rest_route=%2Fwp%2Fv2%2Fcomments&post=5133"}],"version-history":[{"count":1,"href":"https:\/\/atitudenoticias.com.br\/index.php?rest_route=\/wp\/v2\/posts\/5133\/revisions"}],"predecessor-version":[{"id":5135,"href":"https:\/\/atitudenoticias.com.br\/index.php?rest_route=\/wp\/v2\/posts\/5133\/revisions\/5135"}],"wp:featuredmedia":[{"embeddable":true,"href":"https:\/\/atitudenoticias.com.br\/index.php?rest_route=\/wp\/v2\/media\/5134"}],"wp:attachment":[{"href":"https:\/\/atitudenoticias.com.br\/index.php?rest_route=%2Fwp%2Fv2%2Fmedia&parent=5133"}],"wp:term":[{"taxonomy":"category","embeddable":true,"href":"https:\/\/atitudenoticias.com.br\/index.php?rest_route=%2Fwp%2Fv2%2Fcategories&post=5133"},{"taxonomy":"post_tag","embeddable":true,"href":"https:\/\/atitudenoticias.com.br\/index.php?rest_route=%2Fwp%2Fv2%2Ftags&post=5133"}],"curies":[{"name":"wp","href":"https:\/\/api.w.org\/{rel}","templated":true}]}}