{"id":5136,"date":"2022-09-11T04:38:28","date_gmt":"2022-09-11T04:38:28","guid":{"rendered":"http:\/\/atitudenoticias.com.br\/?p=5136"},"modified":"2022-09-11T04:38:30","modified_gmt":"2022-09-11T04:38:30","slug":"com-confirmacao-de-velorio-governo-prepara-viagem-de-bolsonaro-ao-reino-unido","status":"publish","type":"post","link":"https:\/\/atitudenoticias.com.br\/?p=5136","title":{"rendered":"Com confirma\u00e7\u00e3o de vel\u00f3rio, governo prepara viagem de Bolsonaro ao Reino Unido"},"content":{"rendered":"\n<p><em><strong>A ideia \u00e9 que o presidente viaje no pr\u00f3ximo final de semana e, ap\u00f3s a cerim\u00f4nia f\u00fanebre, se desloque para os Estados Unidos, onde ir\u00e1 participar da cerim\u00f4nia de abertura da Assembleia Geral da ONU<\/strong><\/em><\/p>\n\n\n\n<p>O governo brasileiro iniciou os preparativos para a viagem do presidente Jair Bolsonaro ao vel\u00f3rio da rainha Elizabeth II, segundo fontes do minist\u00e9rio das rela\u00e7\u00f5es exteriores.<\/p>\n\n\n\n<p>Apesar de o vel\u00f3rio j\u00e1 ter sido anunciado para o dia 19 de setembro, o Pal\u00e1cio do Itamaraty aguarda comunicado oficial da solenidade f\u00fanebre e a log\u00edstica de participa\u00e7\u00e3o de dignit\u00e1rios estrangeiros. Bolsonaro confirmou \u00e0 CNN que pretende ir \u00e0 cerim\u00f4nia.<\/p>\n\n\n\n<p>A ideia planejada pelo Pal\u00e1cio do Planalto \u00e9 de que o presidente viaje ao Reino Unido no pr\u00f3ximo final de semana.<\/p>\n\n\n\n<p>Como o sepultamento ser\u00e1 no Castelo de Windsor, em Berkshire, a proposta \u00e9 de que o presidente se desloque ao local a partir de Londres.<\/p>\n\n\n\n<p>Pelo planejamento, o presidente deixar\u00e1 o Reino Unido no mesmo dia da cerim\u00f4nia e se deslocar\u00e1 aos Estados Unidos. No dia 20, ele participar\u00e1 da abertura da Assembleia Geral da ONU (Organiza\u00e7\u00e3o das Na\u00e7\u00f5es Unidas).<\/p>\n\n\n\n<p>Em uma estrat\u00e9gia focada em fazer um contraponto ao ex-presidente Luiz In\u00e1cio Lula da Silva (PT), o presidente tem aumentado presen\u00e7a no cen\u00e1rio internacional na fase final da campanha \u00e0 sucess\u00e3o ao Pal\u00e1cio do Planalto.<\/p>\n\n\n\n<p>A campanha \u00e0 reelei\u00e7\u00e3o avalia aumentar, por exemplo, a participa\u00e7\u00e3o internacional de Bolsonaro por meio de entrevistas a ve\u00edculos de imprensa estrangeiros.<\/p>\n\n\n\n<p>Segundo relatos feitos \u00e0 CNN, os aliados do presidente defendem que ele conceda entrevistas a ve\u00edculos de imprensa dos Estados Unidos, R\u00fassia, China ou Oriente M\u00e9dio, por exemplo.<\/p>\n\n\n\n<p>A ideia \u00e9 que ele divulgue no cen\u00e1rio internacional seu ponto de vista sobre o Brasil e enumere as conquistas econ\u00f4micas da atual gest\u00e3o federal, na tentativa de reduzir a imagem negativa de seu pr\u00f3prio governo.<\/p>\n\n\n\n<p>A avalia\u00e7\u00e3o de integrantes da campanha \u00e0 reelei\u00e7\u00e3o \u00e9 de que, em um eventual segundo turno, Bolsonaro precisa mostrar ao eleitorado brasileiro que tamb\u00e9m tem interlocu\u00e7\u00e3o no exterior e capacidade de articula\u00e7\u00e3o diplom\u00e1tica.<\/p>\n\n\n\n<p>A campanha petista tem explorado na televis\u00e3o que, no per\u00edodo que foi presidente, Lula teve respaldo no exterior, com imagens de encontros com o Papa Francisco e com o ex-presidente norte-americano Barack Obama.<\/p>\n\n\n\n<p><strong><em>(Ag\u00eancia Brasil &#8211; Foto: Marcelo Camargo)<\/em><\/strong><\/p>\n","protected":false},"excerpt":{"rendered":"<p>A ideia \u00e9 que o presidente viaje no pr\u00f3ximo final de semana e, ap\u00f3s a&hellip;<\/p>\n","protected":false},"author":2,"featured_media":5137,"comment_status":"open","ping_status":"open","sticky":false,"template":"","format":"standard","meta":{"footnotes":""},"categories":[20],"tags":[],"class_list":["post-5136","post","type-post","status-publish","format-standard","has-post-thumbnail","hentry","category-brasil"],"_links":{"self":[{"href":"https:\/\/atitudenoticias.com.br\/index.php?rest_route=\/wp\/v2\/posts\/5136","targetHints":{"allow":["GET"]}}],"collection":[{"href":"https:\/\/atitudenoticias.com.br\/index.php?rest_route=\/wp\/v2\/posts"}],"about":[{"href":"https:\/\/atitudenoticias.com.br\/index.php?rest_route=\/wp\/v2\/types\/post"}],"author":[{"embeddable":true,"href":"https:\/\/atitudenoticias.com.br\/index.php?rest_route=\/wp\/v2\/users\/2"}],"replies":[{"embeddable":true,"href":"https:\/\/atitudenoticias.com.br\/index.php?rest_route=%2Fwp%2Fv2%2Fcomments&post=5136"}],"version-history":[{"count":1,"href":"https:\/\/atitudenoticias.com.br\/index.php?rest_route=\/wp\/v2\/posts\/5136\/revisions"}],"predecessor-version":[{"id":5138,"href":"https:\/\/atitudenoticias.com.br\/index.php?rest_route=\/wp\/v2\/posts\/5136\/revisions\/5138"}],"wp:featuredmedia":[{"embeddable":true,"href":"https:\/\/atitudenoticias.com.br\/index.php?rest_route=\/wp\/v2\/media\/5137"}],"wp:attachment":[{"href":"https:\/\/atitudenoticias.com.br\/index.php?rest_route=%2Fwp%2Fv2%2Fmedia&parent=5136"}],"wp:term":[{"taxonomy":"category","embeddable":true,"href":"https:\/\/atitudenoticias.com.br\/index.php?rest_route=%2Fwp%2Fv2%2Fcategories&post=5136"},{"taxonomy":"post_tag","embeddable":true,"href":"https:\/\/atitudenoticias.com.br\/index.php?rest_route=%2Fwp%2Fv2%2Ftags&post=5136"}],"curies":[{"name":"wp","href":"https:\/\/api.w.org\/{rel}","templated":true}]}}