{"id":5139,"date":"2022-09-11T04:42:41","date_gmt":"2022-09-11T04:42:41","guid":{"rendered":"http:\/\/atitudenoticias.com.br\/?p=5139"},"modified":"2022-09-11T04:42:43","modified_gmt":"2022-09-11T04:42:43","slug":"sustentabilidade-na-educacao-e-tema-de-seminario-com-secretarios-e-especialistas","status":"publish","type":"post","link":"https:\/\/atitudenoticias.com.br\/?p=5139","title":{"rendered":"Sustentabilidade na educa\u00e7\u00e3o \u00e9 tema de semin\u00e1rio com secret\u00e1rios e especialistas"},"content":{"rendered":"\n<p><em><strong>Representantes de diversos munic\u00edpios da macrorregi\u00e3o de Feira de Santana v\u00e3o participar do evento<\/strong><\/em><\/p>\n\n\n\n<p>A\u00e7\u00f5es que contribuem para uma educa\u00e7\u00e3o voltada para a sustentabilidade. Este \u00e9 o tema central do \u201cSemin\u00e1rio Inova\u00e7\u00e3o na Educa\u00e7\u00e3o para a Sustentabilidade\u201d, que acontecer\u00e1 na pr\u00f3xima ter\u00e7a-feira, 13, no Teatro do Sesc, a partir das 8h30.<\/p>\n\n\n\n<p>Representantes de diversos munic\u00edpios da macrorregi\u00e3o de Feira de Santana v\u00e3o participar do evento. O encontro vai reunir secret\u00e1rios de Educa\u00e7\u00e3o, ativistas, gestores escolares, executivos de empresas, representantes de institui\u00e7\u00f5es de ensino superior e da comunidade interessada em colocar a sustentabilidade como tema central.<\/p>\n\n\n\n<p>O semin\u00e1rio \u00e9 organizado pela Prefeitura por meio da Secretaria Municipal de Educa\u00e7\u00e3o (Seduc). A iniciativa tem a parceria de \u00f3rg\u00e3os p\u00fablicos, setor produtivo da regi\u00e3o e demais apoiadores.<\/p>\n\n\n\n<blockquote class=\"wp-block-quote is-layout-flow wp-block-quote-is-layout-flow\"><p>\u201cEste \u00e9 um evento inter e multidisciplinar, que re\u00fane os segmentos produtivo e educacional. Nosso objetivo \u00e9 possibilitar o debate de um tema que \u00e9 muito atual e relevante\u201d, destaca a secret\u00e1ria de Educa\u00e7\u00e3o, professora Anaci Paim.<\/p><\/blockquote>\n\n\n\n<p>A secret\u00e1ria observou ainda que a educa\u00e7\u00e3o n\u00e3o se faz de forma isolada e, por esta raz\u00e3o, \u201cparcerias como esta legitimam a\u00e7\u00f5es que contribuem para a transforma\u00e7\u00e3o da sociedade&#8221;.<\/p>\n\n\n\n<p><strong>PAIN\u00c9IS TEM\u00c1TICOS<\/strong><\/p>\n\n\n\n<p>A programa\u00e7\u00e3o ser\u00e1 dividida em tr\u00eas pain\u00e9is. O primeiro, abordando os temas: Inovando e re-educando para a sustentabilidade, com Eduardo Athayde, diretor do WWI &#8211; WorldWatch Institute no Brasil; e Escola sustent\u00e1vel: inovando no Ensino Fundamental, com Cleunice M. Rehem, presidente da Associa\u00e7\u00e3o Nacional Brasiltec \u2013 entidade que congrega institui\u00e7\u00f5es de Educa\u00e7\u00e3o profissional e tecnol\u00f3gica.<\/p>\n\n\n\n<p>Em sequ\u00eancia, a Educa\u00e7\u00e3o B\u00e1sica: espa\u00e7os e pol\u00edticas para sustentabilidade ser\u00e1 abordada pela coordenadora geral de Gest\u00e3o Estrat\u00e9gica da Educa\u00e7\u00e3o B\u00e1sica, do Minist\u00e9rio da Educa\u00e7\u00e3o, Maria Luciana N\u00f3brega.<\/p>\n\n\n\n<p>J\u00e1 o terceiro painel do evento vai discutir Escolas sustent\u00e1veis: cases e perspectivas para parcerias. Este painel contar\u00e1 com a participa\u00e7\u00e3o da secret\u00e1ria Anaci Paim, empresas locais e unidades escolares que v\u00e3o apresentar exemplos concretos de projetos sustent\u00e1veis j\u00e1 em execu\u00e7\u00e3o, como hortas comunit\u00e1rias e descarte correto e reciclagem de lixo.<\/p>\n\n\n\n<p>Para finalizar o semin\u00e1rio, ser\u00e1 firmado o pacto \u201cSustentabilidade da Educa\u00e7\u00e3o P\u00fablica\u201d. <strong><em>(SECOM\/PMFS)<\/em><\/strong><\/p>\n\n\n\n<p><\/p>\n","protected":false},"excerpt":{"rendered":"<p>Representantes de diversos munic\u00edpios da macrorregi\u00e3o de Feira de Santana v\u00e3o participar do evento A\u00e7\u00f5es&hellip;<\/p>\n","protected":false},"author":2,"featured_media":5140,"comment_status":"open","ping_status":"open","sticky":false,"template":"","format":"standard","meta":{"footnotes":""},"categories":[58,71],"tags":[],"class_list":["post-5139","post","type-post","status-publish","format-standard","has-post-thumbnail","hentry","category-feira-de-santana","category-meio-ambiente"],"_links":{"self":[{"href":"https:\/\/atitudenoticias.com.br\/index.php?rest_route=\/wp\/v2\/posts\/5139","targetHints":{"allow":["GET"]}}],"collection":[{"href":"https:\/\/atitudenoticias.com.br\/index.php?rest_route=\/wp\/v2\/posts"}],"about":[{"href":"https:\/\/atitudenoticias.com.br\/index.php?rest_route=\/wp\/v2\/types\/post"}],"author":[{"embeddable":true,"href":"https:\/\/atitudenoticias.com.br\/index.php?rest_route=\/wp\/v2\/users\/2"}],"replies":[{"embeddable":true,"href":"https:\/\/atitudenoticias.com.br\/index.php?rest_route=%2Fwp%2Fv2%2Fcomments&post=5139"}],"version-history":[{"count":2,"href":"https:\/\/atitudenoticias.com.br\/index.php?rest_route=\/wp\/v2\/posts\/5139\/revisions"}],"predecessor-version":[{"id":5143,"href":"https:\/\/atitudenoticias.com.br\/index.php?rest_route=\/wp\/v2\/posts\/5139\/revisions\/5143"}],"wp:featuredmedia":[{"embeddable":true,"href":"https:\/\/atitudenoticias.com.br\/index.php?rest_route=\/wp\/v2\/media\/5140"}],"wp:attachment":[{"href":"https:\/\/atitudenoticias.com.br\/index.php?rest_route=%2Fwp%2Fv2%2Fmedia&parent=5139"}],"wp:term":[{"taxonomy":"category","embeddable":true,"href":"https:\/\/atitudenoticias.com.br\/index.php?rest_route=%2Fwp%2Fv2%2Fcategories&post=5139"},{"taxonomy":"post_tag","embeddable":true,"href":"https:\/\/atitudenoticias.com.br\/index.php?rest_route=%2Fwp%2Fv2%2Ftags&post=5139"}],"curies":[{"name":"wp","href":"https:\/\/api.w.org\/{rel}","templated":true}]}}