{"id":5390,"date":"2022-09-19T17:31:02","date_gmt":"2022-09-19T17:31:02","guid":{"rendered":"http:\/\/atitudenoticias.com.br\/?p=5390"},"modified":"2022-09-19T17:31:04","modified_gmt":"2022-09-19T17:31:04","slug":"o-que-se-sabe-sobre-as-valas-comuns-encontradas-na-ucrania","status":"publish","type":"post","link":"https:\/\/atitudenoticias.com.br\/?p=5390","title":{"rendered":"O que se sabe sobre as valas comuns encontradas na Ucr\u00e2nia"},"content":{"rendered":"\n<p class=\"wp-block-paragraph\"><strong><em>Mais de 440 sepulturas foram encontradas em vala comum na cidade de Izium na semana passada. Tropas russas dominaram a cidade, mas deixaram local ap\u00f3s &#8216;reconquista&#8217; da Ucr\u00e2nia.<\/em><\/strong><\/p>\n\n\n\n<p class=\"wp-block-paragraph\"><a href=\"https:\/\/g1.globo.com\/mundo\/ucrania-russia\/noticia\/2022\/09\/16\/maioria-dos-corpos-em-vala-comum-de-izium-eram-de-civis-diz-policia-da-ucrania.ghtml\">Mais de 440 sepulturas foram encontradas em uma floresta perto de Izium<\/a>, no leste da&nbsp;<a href=\"https:\/\/g1.globo.com\/tudo-sobre\/ucrania\/\">Ucr\u00e2nia<\/a>. Alguns dos corpos estavam com as m\u00e3os amarradas. Outros mostravam sinais de terem sofrido viol\u00eancia.<\/p>\n\n\n\n<p class=\"wp-block-paragraph\">Investigadores ucranianos come\u00e7aram suas investiga\u00e7\u00f5es na sexta-feira (16), e isto \u00e9 o que se sabe at\u00e9 agora:<\/p>\n\n\n\n<h2 class=\"wp-block-heading\">O que encontraram?<\/h2>\n\n\n\n<p class=\"wp-block-paragraph\">O presidente ucraniano, Volodimir Zelensky, anunciou, na semana passada, a descoberta de uma &#8220;vala comum&#8221;, ap\u00f3s a liberta\u00e7\u00e3o da cidade de Izium. No mesmo local, tamb\u00e9m foram encontradas mais de 440 sepulturas que remontam a entre mar\u00e7o e setembro de 2022.<\/p>\n\n\n\n<p class=\"wp-block-paragraph\">De uma delas, os investigadores exumaram os corpos de pelo menos 17 soldados ucranianos. Uma cruz sobre o t\u00famulo trazia a inscri\u00e7\u00e3o: &#8220;Ex\u00e9rcito ucraniano, 17 pessoas. Necrot\u00e9rio de Izium&#8221;.<\/p>\n\n\n\n<p class=\"wp-block-paragraph\">As autoridades afirmam que existem mais de 440 sepulturas, porque o \u00faltimo n\u00famero inscrito nas cruzes \u00e9 445, apurou a AFP.<\/p>\n\n\n\n<p class=\"wp-block-paragraph\">Os n\u00fameros est\u00e3o, em grande parte, inscritos em cruzes de madeira. Algumas delas tamb\u00e9m t\u00eam nomes e datas.<\/p>\n\n\n\n<p class=\"wp-block-paragraph\">Cerca de cem corpos foram exumados desde domingo (18).<\/p>\n\n\n\n<h2 class=\"wp-block-heading\">Torturados, ou mortos em combate?<\/h2>\n\n\n\n<p class=\"wp-block-paragraph\">As autoridades ucranianas suspeitam de que alguns dos mortos foram torturados pelas for\u00e7as russas durante a ocupa\u00e7\u00e3o da regi\u00e3o nordeste de Kharkiv. Pelo menos dois dos cad\u00e1veres foram encontrados com as m\u00e3os atadas, observaram jornalistas da AFP.<\/p>\n\n\n\n<p class=\"wp-block-paragraph\">Um deles &#8220;tinha as m\u00e3os amarradas, a mand\u00edbula quebrada e duas facadas nas costas&#8221;, descreveu um membro da Procuradoria de Kharkiv, que pediu para n\u00e3o ser identificado.<\/p>\n\n\n\n<p class=\"wp-block-paragraph\">Os restos mortais foram identificados como sendo de um combatente volunt\u00e1rio pr\u00f3-ucraniano, acrescentou a mesma autoridade.<\/p>\n\n\n\n<p class=\"wp-block-paragraph\">Tamb\u00e9m foram exumados corpos de civis mortos durante os combates de mar\u00e7o pelo controle da cidade. Entre eles, est\u00e3o tr\u00eas membros da fam\u00edlia de Volodimir Kolesnik, mortos no bombardeio de seu im\u00f3vel em 9 de mar\u00e7o. Sua tia, seu primo e a esposa de seu primo morreram e foram levados para o cemit\u00e9rio, relatou Kolesnik, morador de Izium, \u00e0 AFP.<\/p>\n\n\n\n<h2 class=\"wp-block-heading\">Em que fase est\u00e1 a investiga\u00e7\u00e3o?<\/h2>\n\n\n\n<p class=\"wp-block-paragraph\">Uma d\u00fazia de equipes de quatro pessoas (um promotor, um investigador, dois especialistas) conduziram investiga\u00e7\u00f5es no domingo. Socorristas vestidos com macac\u00f5es brancos ficaram encarregados das exuma\u00e7\u00f5es em si.<\/p>\n\n\n\n<p class=\"wp-block-paragraph\">O procurador de Kharkiv, Yevgen Sokolov, que lidera a investiga\u00e7\u00e3o, disse n\u00e3o ter um n\u00famero exato das pessoas que teriam sofrido mortes violentas.<\/p>\n\n\n\n<blockquote class=\"wp-block-quote is-layout-flow wp-block-quote-is-layout-flow\"><p>&#8220;Faremos contas assim que terminarmos as exuma\u00e7\u00f5es&#8221;, afirmou.<\/p><\/blockquote>\n\n\n\n<p class=\"wp-block-paragraph\">Segundo ele, dos corpos exumados at\u00e9 agora, &#8220;a maioria tem ferimentos por bombardeios e explos\u00f5es&#8221;, enquanto outros apresentam &#8220;ferimentos por objetos cortantes e mostravam sinais de morte violenta&#8221;.<\/p>\n\n\n\n<p class=\"wp-block-paragraph\">Sokolov disse que um combatente tinha &#8220;as m\u00e3os amarradas atr\u00e1s das costas&#8221;, e outro foi encontrado com &#8220;uma corda em volta do pesco\u00e7o e as extremidades quebradas&#8221;.<\/p>\n\n\n\n<p class=\"wp-block-paragraph\">Ele estima que ser\u00e1 necess\u00e1ria mais uma semana para exumar os demais corpos, se as condi\u00e7\u00f5es meteorol\u00f3gicas permitirem. <strong><em>(G1)<\/em><\/strong><\/p>\n\n\n\n<figure class=\"wp-block-image size-full\"><img fetchpriority=\"high\" decoding=\"async\" width=\"984\" height=\"654\" src=\"http:\/\/atitudenoticias.com.br\/wp-content\/uploads\/2022\/09\/000-32jj2hd.webp\" alt=\"\" class=\"wp-image-5391\" srcset=\"https:\/\/atitudenoticias.com.br\/wp-content\/uploads\/2022\/09\/000-32jj2hd.webp 984w, https:\/\/atitudenoticias.com.br\/wp-content\/uploads\/2022\/09\/000-32jj2hd-300x199.webp 300w, https:\/\/atitudenoticias.com.br\/wp-content\/uploads\/2022\/09\/000-32jj2hd-768x510.webp 768w, https:\/\/atitudenoticias.com.br\/wp-content\/uploads\/2022\/09\/000-32jj2hd-585x389.webp 585w, https:\/\/atitudenoticias.com.br\/wp-content\/uploads\/2022\/09\/000-32jj2hd-263x175.webp 263w\" sizes=\"(max-width: 984px) 100vw, 984px\" \/><figcaption>Policiais trabalham na exuma\u00e7\u00e3o de covas encontradas na regi\u00e3o de Izium, na Ucr\u00e2nia\u00a0<\/figcaption><\/figure>\n","protected":false},"excerpt":{"rendered":"<p>Mais de 440 sepulturas foram encontradas em vala comum na cidade de Izium na semana&hellip;<\/p>\n","protected":false},"author":2,"featured_media":5392,"comment_status":"open","ping_status":"open","sticky":false,"template":"","format":"standard","meta":{"footnotes":""},"categories":[28],"tags":[],"class_list":["post-5390","post","type-post","status-publish","format-standard","has-post-thumbnail","hentry","category-mundo"],"_links":{"self":[{"href":"https:\/\/atitudenoticias.com.br\/index.php?rest_route=\/wp\/v2\/posts\/5390","targetHints":{"allow":["GET"]}}],"collection":[{"href":"https:\/\/atitudenoticias.com.br\/index.php?rest_route=\/wp\/v2\/posts"}],"about":[{"href":"https:\/\/atitudenoticias.com.br\/index.php?rest_route=\/wp\/v2\/types\/post"}],"author":[{"embeddable":true,"href":"https:\/\/atitudenoticias.com.br\/index.php?rest_route=\/wp\/v2\/users\/2"}],"replies":[{"embeddable":true,"href":"https:\/\/atitudenoticias.com.br\/index.php?rest_route=%2Fwp%2Fv2%2Fcomments&post=5390"}],"version-history":[{"count":1,"href":"https:\/\/atitudenoticias.com.br\/index.php?rest_route=\/wp\/v2\/posts\/5390\/revisions"}],"predecessor-version":[{"id":5393,"href":"https:\/\/atitudenoticias.com.br\/index.php?rest_route=\/wp\/v2\/posts\/5390\/revisions\/5393"}],"wp:featuredmedia":[{"embeddable":true,"href":"https:\/\/atitudenoticias.com.br\/index.php?rest_route=\/wp\/v2\/media\/5392"}],"wp:attachment":[{"href":"https:\/\/atitudenoticias.com.br\/index.php?rest_route=%2Fwp%2Fv2%2Fmedia&parent=5390"}],"wp:term":[{"taxonomy":"category","embeddable":true,"href":"https:\/\/atitudenoticias.com.br\/index.php?rest_route=%2Fwp%2Fv2%2Fcategories&post=5390"},{"taxonomy":"post_tag","embeddable":true,"href":"https:\/\/atitudenoticias.com.br\/index.php?rest_route=%2Fwp%2Fv2%2Ftags&post=5390"}],"curies":[{"name":"wp","href":"https:\/\/api.w.org\/{rel}","templated":true}]}}