{"id":5703,"date":"2022-09-30T00:57:16","date_gmt":"2022-09-30T03:57:16","guid":{"rendered":"http:\/\/atitudenoticias.com.br\/?p=5703"},"modified":"2022-09-30T00:57:18","modified_gmt":"2022-09-30T03:57:18","slug":"saude-distribui-cerca-de-1-milhao-de-vacinas-contra-a-covid-19","status":"publish","type":"post","link":"https:\/\/atitudenoticias.com.br\/?p=5703","title":{"rendered":"Sa\u00fade distribui cerca de 1 milh\u00e3o de vacinas contra a covid-19"},"content":{"rendered":"\n<p class=\"wp-block-paragraph\"><em><strong>O imunizante \u00e9 a CoronaVac<\/strong><\/em><\/p>\n\n\n\n<p class=\"wp-block-paragraph\">O Minist\u00e9rio da Sa\u00fade informou que conclui, nos pr\u00f3ximos dias, a distribui\u00e7\u00e3o de cerca de 1 milh\u00e3o de doses de vacinas contra a covid-19. O imunizante CoronaVac, segundo a pasta, j\u00e1 passou por todas as etapas de certifica\u00e7\u00e3o necess\u00e1rias e chega aos estados pronto para utiliza\u00e7\u00e3o.<\/p>\n\n\n\n<p class=\"wp-block-paragraph\">Um balan\u00e7o da pasta mostra que, desde o in\u00edcio da campanha de vacina\u00e7\u00e3o, cerca de 520 milh\u00f5es de doses foram enviadas aos estados e ao Distrito Federal. Os imunizantes s\u00e3o distribu\u00eddos de acordo com solicita\u00e7\u00e3o feita pelas secretarias estaduais de Sa\u00fade, respons\u00e1veis por direcionar as vacinas aos munic\u00edpios.<\/p>\n\n\n\n<p class=\"wp-block-paragraph\">At\u00e9 o momento, de acordo com o minist\u00e9rio, 483 milh\u00f5es de doses foram aplicadas e 166 milh\u00f5es de pessoas est\u00e3o com o esquema vacinal completo &#8211; duas doses ou dose \u00fanica-, o que equivale a 78% da popula\u00e7\u00e3o.<\/p>\n\n\n\n<p class=\"wp-block-paragraph\">Por meio de nota, a pasta destacou que a m\u00e9dia m\u00f3vel de mortes por covid no pa\u00eds est\u00e1 no menor patamar desde abril de 2020.<\/p>\n\n\n\n<p class=\"wp-block-paragraph\">\u201cPara manter os \u00edndices em baixa, o Minist\u00e9rio da Sa\u00fade refor\u00e7a a necessidade de todos os p\u00fablicos eleg\u00edveis buscarem postos de vacina\u00e7\u00e3o para completar o calend\u00e1rio vacinal prim\u00e1rio, al\u00e9m da aplica\u00e7\u00e3o das doses de refor\u00e7o\u201d, diz a nota.<\/p>\n\n\n\n<p class=\"wp-block-paragraph\"><strong><em>(Ag\u00eancia Brasil &#8211; <strong>Foto: Breno Esaki<\/strong>)<\/em><\/strong><\/p>\n","protected":false},"excerpt":{"rendered":"<p>O imunizante \u00e9 a CoronaVac O Minist\u00e9rio da Sa\u00fade informou que conclui, nos pr\u00f3ximos dias,&hellip;<\/p>\n","protected":false},"author":2,"featured_media":5705,"comment_status":"open","ping_status":"open","sticky":false,"template":"","format":"standard","meta":{"footnotes":""},"categories":[64],"tags":[],"class_list":["post-5703","post","type-post","status-publish","format-standard","has-post-thumbnail","hentry","category-covid-19"],"_links":{"self":[{"href":"https:\/\/atitudenoticias.com.br\/index.php?rest_route=\/wp\/v2\/posts\/5703","targetHints":{"allow":["GET"]}}],"collection":[{"href":"https:\/\/atitudenoticias.com.br\/index.php?rest_route=\/wp\/v2\/posts"}],"about":[{"href":"https:\/\/atitudenoticias.com.br\/index.php?rest_route=\/wp\/v2\/types\/post"}],"author":[{"embeddable":true,"href":"https:\/\/atitudenoticias.com.br\/index.php?rest_route=\/wp\/v2\/users\/2"}],"replies":[{"embeddable":true,"href":"https:\/\/atitudenoticias.com.br\/index.php?rest_route=%2Fwp%2Fv2%2Fcomments&post=5703"}],"version-history":[{"count":1,"href":"https:\/\/atitudenoticias.com.br\/index.php?rest_route=\/wp\/v2\/posts\/5703\/revisions"}],"predecessor-version":[{"id":5706,"href":"https:\/\/atitudenoticias.com.br\/index.php?rest_route=\/wp\/v2\/posts\/5703\/revisions\/5706"}],"wp:featuredmedia":[{"embeddable":true,"href":"https:\/\/atitudenoticias.com.br\/index.php?rest_route=\/wp\/v2\/media\/5705"}],"wp:attachment":[{"href":"https:\/\/atitudenoticias.com.br\/index.php?rest_route=%2Fwp%2Fv2%2Fmedia&parent=5703"}],"wp:term":[{"taxonomy":"category","embeddable":true,"href":"https:\/\/atitudenoticias.com.br\/index.php?rest_route=%2Fwp%2Fv2%2Fcategories&post=5703"},{"taxonomy":"post_tag","embeddable":true,"href":"https:\/\/atitudenoticias.com.br\/index.php?rest_route=%2Fwp%2Fv2%2Ftags&post=5703"}],"curies":[{"name":"wp","href":"https:\/\/api.w.org\/{rel}","templated":true}]}}