{"id":5752,"date":"2022-10-03T00:32:16","date_gmt":"2022-10-03T03:32:16","guid":{"rendered":"http:\/\/atitudenoticias.com.br\/?p=5752"},"modified":"2022-10-03T00:32:17","modified_gmt":"2022-10-03T03:32:17","slug":"tragedia-na-indonesia-deixa-125-mortos-em-estadio-de-futebol","status":"publish","type":"post","link":"https:\/\/atitudenoticias.com.br\/?p=5752","title":{"rendered":"Trag\u00e9dia na Indon\u00e9sia deixa 125 mortos em est\u00e1dio de futebol"},"content":{"rendered":"\n<p class=\"wp-block-paragraph\"><em><strong>Caso aconteceu quando torcedores do Arema FC invadiram o campo, na cidade de Malang<\/strong><\/em><\/p>\n\n\n\n<p class=\"wp-block-paragraph\">Ao menos 125 pessoas morreram na noite deste s\u00e1bado, 1\u00ba, em um est\u00e1dio da Indon\u00e9sia depois que torcedores enfurecidos invadiram o gramado e a pol\u00edcia respondeu com bombas de g\u00e1s lacrimog\u00eaneo, o que provocou um grande tumulto, anunciaram as autoridades neste domingo.<\/p>\n\n\n\n<p class=\"wp-block-paragraph\">A trag\u00e9dia que aconteceu na cidade de Malang, leste do pa\u00eds, tamb\u00e9m deixou dezenas de feridos e \u00e9 uma das maiores j\u00e1 registradas na hist\u00f3ria em um est\u00e1dio de futebol.<\/p>\n\n\n\n<p class=\"wp-block-paragraph\">Torcedores do Arema FC invadiram o gramado do est\u00e1dio Karnjurhan depois que o time perdeu por 3-2 para o Persebaya Surabaya, a primeira derrota para o rival em mais de duas d\u00e9cadas.<\/p>\n\n\n\n<p class=\"wp-block-paragraph\">A pol\u00edcia tentou convencer os torcedores a retornar para as arquibancadas e usou g\u00e1s lacrimog\u00eaneo ap\u00f3s a morte de dois agentes.&nbsp;<\/p>\n\n\n\n<p class=\"wp-block-paragraph\">Muitas v\u00edtimas morreram pisoteadas ou asfixiadas, de acordo com as autoridades.<\/p>\n\n\n\n<p class=\"wp-block-paragraph\">O vice-governador da prov\u00edncia de Java Oriental, Emil Dardak, informou ao canal Kompas TV que o balan\u00e7o da trag\u00e9dia foi atualizado para 125 mortos.&nbsp;<\/p>\n\n\n\n<p class=\"wp-block-paragraph\">&#8220;O balan\u00e7o no momento \u00e9 de 125 mortos. Cento e vinte e quatro corpos foram identificados, falta identificar um. Alguns nomes foram registrados duas vezes porque algumas pessoas foram levadas para outros hospitais e tiveram os nomes inclu\u00eddos duas vezes&#8221;, afirmou Emil Dardak.<\/p>\n\n\n\n<p class=\"wp-block-paragraph\">V\u00e1rias pessoas afirmaram que os torcedores em p\u00e2nico se aglomeraram quando o g\u00e1s lacrimog\u00eaneo foi disparado em sua dire\u00e7\u00e3o.<\/p>\n\n\n\n<p class=\"wp-block-paragraph\">&#8220;Os policiais dispararam g\u00e1s lacrimog\u00eaneo e automaticamente as pessoas correram para tentar sair, empurrando umas \u00e0s outras, e isto provocou muitas v\u00edtimas&#8221;, declarou \u00e0 AFP Doni, um torcedor de 43 anos que n\u00e3o revelou o sobrenome.<\/p>\n\n\n\n<p class=\"wp-block-paragraph\">&#8220;N\u00e3o estava acontecendo nada, n\u00e3o havia tumulto. N\u00e3o sei qual foi o motivo, de repente dispararam g\u00e1s lacrimog\u00eaneo em nossa dire\u00e7\u00e3o. Eu fiquei em choque. N\u00e3o pensaram que havia crian\u00e7as e mulheres?&#8221;, perguntou Doni.<\/p>\n\n\n\n<p class=\"wp-block-paragraph\">O diretor de um hospital declarou que entre as v\u00edtimas fatais est\u00e1 uma crian\u00e7a de cinco anos.<\/p>\n\n\n\n<p class=\"wp-block-paragraph\">O presidente indon\u00e9sio, Joko Widodo, ordenou neste domingo uma revis\u00e3o das normas de seguran\u00e7a nos est\u00e1dios ap\u00f3s a trag\u00e9dia.<\/p>\n\n\n\n<p class=\"wp-block-paragraph\">Em uma mensagem na televis\u00e3o, Widodo ordenou ao ministro dos Esportes e da Juventude, \u00e0 pol\u00edcia e \u00e0 confedera\u00e7\u00e3o de futebol que fa\u00e7am uma &#8220;avalia\u00e7\u00e3o profunda das partidas de futebol e dos protocolos de seguran\u00e7a&#8221;.<\/p>\n\n\n\n<p class=\"wp-block-paragraph\">Imagens registradas dentro do est\u00e1dio durante o tumulto mostram uma grande quantidade de g\u00e1s lacrimog\u00eaneo e pessoas escalando as cercas.<\/p>\n\n\n\n<p class=\"wp-block-paragraph\">Algumas pessoas carregavam torcedores feridos no meio do caos.<\/p>\n\n\n\n<p class=\"wp-block-paragraph\">Outras imagens divulgadas nas redes sociais mostram pessoas ofendendo os policiais, que se protegem com escudos.<\/p>\n\n\n\n<p class=\"wp-block-paragraph\">O est\u00e1dio tem capacidade para 42.000 pessoas e, segundo as autoridades, estava lotado. A pol\u00edcia informou que quase 3.000 pessoas invadiram o gramado.<\/p>\n\n\n\n<p class=\"wp-block-paragraph\">&#8220;Gostaria de destacar que nem todos os torcedores tiveram um comportamento an\u00e1rquico. Apenas 3.000 invadiram o gramado&#8221;, afirmou o chefe de pol\u00edcia da prov\u00edncia de Java Oriental, Nico Afinta.<\/p>\n\n\n\n<p class=\"wp-block-paragraph\">Liga suspensa<\/p>\n\n\n\n<p class=\"wp-block-paragraph\">Ve\u00edculos incendiados, incluindo um caminh\u00e3o da pol\u00edcia, permaneciam do lado de fora do est\u00e1dio neste domingo.<\/p>\n\n\n\n<p class=\"wp-block-paragraph\">O ministro dos Esportes e da Juventude, Zainudin Amali pediu desculpas e prometeu que o governo vai investigar as circunst\u00e2ncias da trag\u00e9dia.<\/p>\n\n\n\n<p class=\"wp-block-paragraph\">&#8220;Lamentamos o incidente (&#8230;) \u00c9 um incidente lament\u00e1vel, que prejudica nosso futebol no momento em que os torcedores podem frequentar o est\u00e1dio para acompanhar as partidas&#8221;, declarou.<\/p>\n\n\n\n<p class=\"wp-block-paragraph\">&#8220;Avaliamos de maneira rigorosa a organiza\u00e7\u00e3o da partida e a presen\u00e7a dos torcedores. Voltaremos a proibir a presen\u00e7a da torcida nas partidas? Vamos discutir isso&#8221;, acrescentou.<\/p>\n\n\n\n<p class=\"wp-block-paragraph\">A Associa\u00e7\u00e3o de Futebol da Indon\u00e9sia (PSSI) suspendeu as partidas de futebol por uma semana, proibiu o Arema FC de receber partidas em seu est\u00e1dio pelo restante da temporada e anunciou que enviar\u00e1 investigadores a Malang para determinar as causas da trag\u00e9dia.<\/p>\n\n\n\n<p class=\"wp-block-paragraph\">&#8220;Lamentamos e pedimos desculpas \u00e0s fam\u00edlias das v\u00edtimas e a todas as partes pelo incidente&#8221;, declarou o presidente da PSSI, Mochamad Iriawan.<\/p>\n\n\n\n<p class=\"wp-block-paragraph\">O presidente da Fifa, Gianni Infantino, afirmou em um comunicado que esta \u00e9 uma &#8220;trag\u00e9dia al\u00e9m do inimagin\u00e1vel&#8221;.<\/p>\n\n\n\n<p class=\"wp-block-paragraph\">&#8220;O mundo do futebol est\u00e1 comovido com os tr\u00e1gicos incidentes na Indon\u00e9sia&#8221;, disse Infantino sobre &#8220;um dia sombrio para todos os que amam o futebol&#8221;.<\/p>\n\n\n\n<p class=\"wp-block-paragraph\">O dirigente su\u00ed\u00e7o enviou &#8220;profundas condol\u00eancias \u00e0s fam\u00edlias e amigos das v\u00edtimas&#8221;.<\/p>\n\n\n\n<p class=\"wp-block-paragraph\">&#8220;Junto com a Fifa e a comunidade do futebol, enviamos todos os nossos pensamentos e ora\u00e7\u00f5es \u00e0s v\u00edtimas e aos feridos, assim como ao povo da Rep\u00fablica da Indon\u00e9sia, \u00e0 Confedera\u00e7\u00e3o Asi\u00e1tica (AFC) e \u00e0 Federa\u00e7\u00e3o e Liga indon\u00e9sias neste momento dif\u00edcil&#8221;.<\/p>\n\n\n\n<p class=\"wp-block-paragraph\">O presidente da Confedera\u00e7\u00e3o Asi\u00e1tica de Futebol, Salman bin Ibrahim al Khalifa, afirmou que est\u00e1 &#8220;profundamente comovido e triste com as not\u00edcias tr\u00e1gicas da Indon\u00e9sia, um pa\u00eds que ama o futebol&#8221;.<\/p>\n\n\n\n<p class=\"wp-block-paragraph\">A Indon\u00e9sia deve receber o Mundial Sub-20 da Fifa em maio de 2023 em seis est\u00e1dios do pa\u00eds. O de Malang n\u00e3o est\u00e1 inclu\u00eddo no torneio.<\/p>\n\n\n\n<p class=\"wp-block-paragraph\">A viol\u00eancia entre torcedores \u00e9 um grande problema na Indon\u00e9sia, onde as fortes rivalidades provocaram v\u00e1rios confrontos mortais.<\/p>\n\n\n\n<p class=\"wp-block-paragraph\">Algumas partidas s\u00e3o t\u00e3o acirradas que os jogadores das principais equipes precisam viajar para os jogos sob forte esquema de seguran\u00e7a.<\/p>\n\n\n\n<p class=\"wp-block-paragraph\">A Anistia Internacional pediu uma investiga\u00e7\u00e3o sobre o uso do g\u00e1s lacrimog\u00eaneo em um espa\u00e7o fechado.&nbsp;<\/p>\n\n\n\n<p class=\"wp-block-paragraph\">&#8220;O g\u00e1s lacrimog\u00eaneo s\u00f3 deve ser utilizado para dispersar multid\u00f5es quando h\u00e1 viol\u00eancia generalizada ou quando outros m\u00e9todos falharam. \u00c9 necess\u00e1rio advertir as pessoas que o g\u00e1s lacrimog\u00eaneo ser\u00e1 utilizados para permitir a dispers\u00e3o&#8221;, afirmou em um comunicado.\u00a0 <strong><em>(ATarde)<\/em><\/strong><\/p>\n\n\n\n<p class=\"wp-block-paragraph\"><\/p>\n","protected":false},"excerpt":{"rendered":"<p>Caso aconteceu quando torcedores do Arema FC invadiram o campo, na cidade de Malang Ao&hellip;<\/p>\n","protected":false},"author":2,"featured_media":5753,"comment_status":"open","ping_status":"open","sticky":false,"template":"","format":"standard","meta":{"footnotes":""},"categories":[28],"tags":[],"class_list":["post-5752","post","type-post","status-publish","format-standard","has-post-thumbnail","hentry","category-mundo"],"_links":{"self":[{"href":"https:\/\/atitudenoticias.com.br\/index.php?rest_route=\/wp\/v2\/posts\/5752","targetHints":{"allow":["GET"]}}],"collection":[{"href":"https:\/\/atitudenoticias.com.br\/index.php?rest_route=\/wp\/v2\/posts"}],"about":[{"href":"https:\/\/atitudenoticias.com.br\/index.php?rest_route=\/wp\/v2\/types\/post"}],"author":[{"embeddable":true,"href":"https:\/\/atitudenoticias.com.br\/index.php?rest_route=\/wp\/v2\/users\/2"}],"replies":[{"embeddable":true,"href":"https:\/\/atitudenoticias.com.br\/index.php?rest_route=%2Fwp%2Fv2%2Fcomments&post=5752"}],"version-history":[{"count":1,"href":"https:\/\/atitudenoticias.com.br\/index.php?rest_route=\/wp\/v2\/posts\/5752\/revisions"}],"predecessor-version":[{"id":5754,"href":"https:\/\/atitudenoticias.com.br\/index.php?rest_route=\/wp\/v2\/posts\/5752\/revisions\/5754"}],"wp:featuredmedia":[{"embeddable":true,"href":"https:\/\/atitudenoticias.com.br\/index.php?rest_route=\/wp\/v2\/media\/5753"}],"wp:attachment":[{"href":"https:\/\/atitudenoticias.com.br\/index.php?rest_route=%2Fwp%2Fv2%2Fmedia&parent=5752"}],"wp:term":[{"taxonomy":"category","embeddable":true,"href":"https:\/\/atitudenoticias.com.br\/index.php?rest_route=%2Fwp%2Fv2%2Fcategories&post=5752"},{"taxonomy":"post_tag","embeddable":true,"href":"https:\/\/atitudenoticias.com.br\/index.php?rest_route=%2Fwp%2Fv2%2Ftags&post=5752"}],"curies":[{"name":"wp","href":"https:\/\/api.w.org\/{rel}","templated":true}]}}