{"id":5755,"date":"2022-10-03T00:52:35","date_gmt":"2022-10-03T03:52:35","guid":{"rendered":"http:\/\/atitudenoticias.com.br\/?p=5755"},"modified":"2022-10-03T00:52:36","modified_gmt":"2022-10-03T03:52:36","slug":"suburbio-ferroviario-de-salvador-ganha-roteiro-de-turismo-de-experiencia","status":"publish","type":"post","link":"https:\/\/atitudenoticias.com.br\/?p=5755","title":{"rendered":"Sub\u00farbio Ferrovi\u00e1rio de Salvador ganha roteiro de turismo de experi\u00eancia"},"content":{"rendered":"\n<p class=\"wp-block-paragraph\"><strong><em>O trabalho foi desenvolvido por t\u00e9cnicos da Setur-BA e turism\u00f3logos, que identificaram os pontos com maior potencial de visita\u00e7\u00e3o.<\/em><\/strong><\/p>\n\n\n\n<p class=\"wp-block-paragraph\">Que tal viver uma verdadeira experi\u00eancia suburbana, com religiosidade, boa gastronomia, cultura e a vista deslumbrante da Ba\u00eda de Todos-os-Santos? Essa \u00e9 a proposta do roteiro tur\u00edstico Sabores e Viv\u00eancias do Sub\u00farbio Ferrovi\u00e1rio de Salvador, lan\u00e7ado pela Secretaria de Turismo do Estado (Setur-BA), na sexta-feira (30), no Parque S\u00e3o Bartolomeu, uma das atra\u00e7\u00f5es da regi\u00e3o.&nbsp;<\/p>\n\n\n\n<p class=\"wp-block-paragraph\">O trabalho foi desenvolvido por t\u00e9cnicos da Setur-BA e turism\u00f3logos, que identificaram os pontos com maior potencial de visita\u00e7\u00e3o. Entre os locais selecionados est\u00e3o o Santu\u00e1rio de Santa Dulce dos Pobres, o terreiro de candombl\u00e9 Il\u00ea As\u00e9 Ajunsun Benoy, Mirante de Plataforma, Associa\u00e7\u00e3o Acervo da Laje, Mosteiro do Salvador, praia de Paripe e a \u00c1rea de Preserva\u00e7\u00e3o Ambiental (APA) Bacia do Cobre. &nbsp;<\/p>\n\n\n\n<p class=\"wp-block-paragraph\"><strong>&#8220;Passamos a oferecer uma nova op\u00e7\u00e3o aos visitantes que desembarcam em Salvador, no segmento do turismo de experi\u00eancia, nesta regi\u00e3o da cidade ainda pouco explorada. O Sub\u00farbio tem uma hist\u00f3ria singular banhada pela Ba\u00eda de Todos-os-Santos, recheada de manifesta\u00e7\u00f5es religiosas e culturais, al\u00e9m de sua gastronomia peculiar. Agora, caber\u00e1 \u00e0s ag\u00eancias vender pacotes que incluam o novo roteiro, enquanto o Governo do Estado faz o trabalho promocional&#8221;, explicou o titular da Setur-BA, &nbsp;Maur\u00edcio Bacelar.&nbsp;<\/strong><\/p>\n\n\n\n<p class=\"wp-block-paragraph\">Para o coordenador do Movimento de Cultura Popular do Sub\u00farbio (MCPS), Raimilton Carvalho, &#8220;esse roteiro foi um pleito da milit\u00e2ncia social, que a atual gest\u00e3o da Setur-BA prontamente acolheu, no sentido de que a cadeia do turismo favorece o desenvolvimento local, gera oportunidades e dinamiza a economia, o que \u00e9 motivo de celebra\u00e7\u00e3o&#8221;.&nbsp;<\/p>\n\n\n\n<p class=\"wp-block-paragraph\">Durante o evento, a secretaria entregou certificados de capacita\u00e7\u00e3o em Qualidade no Atendimento e Manipula\u00e7\u00e3o de Alimentos e Bebidas a 40 profissionais que trabalham na regi\u00e3o. A cozinheira Valdelice Santana, de 54 anos, mora em Piraj\u00e1 e mostrou otimismo. &#8220;Est\u00e1 dif\u00edcil arranjar um curso, assim, 100% gratuito. Fiquei sabendo e trouxe outras tr\u00eas amigas. Creio que com essa capacita\u00e7\u00e3o poderei ir muito mais longe&#8221;.\u00a0<\/p>\n\n\n\n<p class=\"wp-block-paragraph\"><strong><em>(Tribuna da Bahia &#8211; Foto: Tatiana Azeviche)<\/em><\/strong><\/p>\n","protected":false},"excerpt":{"rendered":"<p>O trabalho foi desenvolvido por t\u00e9cnicos da Setur-BA e turism\u00f3logos, que identificaram os pontos com&hellip;<\/p>\n","protected":false},"author":2,"featured_media":5756,"comment_status":"open","ping_status":"open","sticky":false,"template":"","format":"standard","meta":{"footnotes":""},"categories":[22,79],"tags":[],"class_list":["post-5755","post","type-post","status-publish","format-standard","has-post-thumbnail","hentry","category-bahia","category-turismo"],"_links":{"self":[{"href":"https:\/\/atitudenoticias.com.br\/index.php?rest_route=\/wp\/v2\/posts\/5755","targetHints":{"allow":["GET"]}}],"collection":[{"href":"https:\/\/atitudenoticias.com.br\/index.php?rest_route=\/wp\/v2\/posts"}],"about":[{"href":"https:\/\/atitudenoticias.com.br\/index.php?rest_route=\/wp\/v2\/types\/post"}],"author":[{"embeddable":true,"href":"https:\/\/atitudenoticias.com.br\/index.php?rest_route=\/wp\/v2\/users\/2"}],"replies":[{"embeddable":true,"href":"https:\/\/atitudenoticias.com.br\/index.php?rest_route=%2Fwp%2Fv2%2Fcomments&post=5755"}],"version-history":[{"count":1,"href":"https:\/\/atitudenoticias.com.br\/index.php?rest_route=\/wp\/v2\/posts\/5755\/revisions"}],"predecessor-version":[{"id":5757,"href":"https:\/\/atitudenoticias.com.br\/index.php?rest_route=\/wp\/v2\/posts\/5755\/revisions\/5757"}],"wp:featuredmedia":[{"embeddable":true,"href":"https:\/\/atitudenoticias.com.br\/index.php?rest_route=\/wp\/v2\/media\/5756"}],"wp:attachment":[{"href":"https:\/\/atitudenoticias.com.br\/index.php?rest_route=%2Fwp%2Fv2%2Fmedia&parent=5755"}],"wp:term":[{"taxonomy":"category","embeddable":true,"href":"https:\/\/atitudenoticias.com.br\/index.php?rest_route=%2Fwp%2Fv2%2Fcategories&post=5755"},{"taxonomy":"post_tag","embeddable":true,"href":"https:\/\/atitudenoticias.com.br\/index.php?rest_route=%2Fwp%2Fv2%2Ftags&post=5755"}],"curies":[{"name":"wp","href":"https:\/\/api.w.org\/{rel}","templated":true}]}}