{"id":5911,"date":"2022-10-06T22:18:00","date_gmt":"2022-10-07T01:18:00","guid":{"rendered":"http:\/\/atitudenoticias.com.br\/?p=5911"},"modified":"2022-10-06T22:21:05","modified_gmt":"2022-10-07T01:21:05","slug":"carne-moida-veja-quais-sao-as-novas-regras-de-venda-e-entenda-o-que-muda","status":"publish","type":"post","link":"https:\/\/atitudenoticias.com.br\/?p=5911","title":{"rendered":"Carne mo\u00edda: veja quais s\u00e3o as novas regras de venda e entenda o que muda"},"content":{"rendered":"\n<p class=\"wp-block-paragraph\"><em><strong>Determina\u00e7\u00f5es passam a valer a partir de 1\u00ba de novembro \u2013 frigor\u00edficos ter\u00e3o um ano para se adequarem \u00e0s condi\u00e7\u00f5es. Produto s\u00f3 poder\u00e1 ser vendido em pacotes de at\u00e9 1 quilo e dever\u00e1 ser embalado imediatamente ap\u00f3s moagem.<\/strong><\/em><\/p>\n\n\n\n<p class=\"wp-block-paragraph\">O&nbsp;<a href=\"https:\/\/g1.globo.com\/tudo-sobre\/ministerio-da-agricultura\/\">Minist\u00e9rio da Agricultura<\/a>&nbsp;publicou nesta segunda-feira (3) a Portaria n\u00ba 664, que aprova uma s\u00e9rie de novas exig\u00eancias para a produ\u00e7\u00e3o e venda de carne mo\u00edda pelos frigor\u00edficos brasileiros.<\/p>\n\n\n\n<p class=\"wp-block-paragraph\">As<strong>&nbsp;regras n\u00e3o se aplicam para a carne mo\u00edda dentro dos a\u00e7ougues e supermercados<\/strong>, apenas para os frigor\u00edficos que fornecem pacotes prontos do produto \u00e0s lojas.<\/p>\n\n\n\n<p class=\"wp-block-paragraph\"><strong>A norma entra em vigor a partir de 1\u00ba de novembro<\/strong>\u00a0para estabelecimentos e ind\u00fastrias produtores de carne mo\u00edda que sejam registrados junto aos \u00f3rg\u00e3os de inspe\u00e7\u00e3o de produtos de origem animal.\u00a0<strong>Eles ter\u00e3o prazo de um ano para se adequarem \u00e0s condi\u00e7\u00f5es previstas na portaria.<\/strong><\/p>\n\n\n\n<p class=\"wp-block-paragraph\">Em outubro do ano passado, as mudan\u00e7as<a href=\"https:\/\/g1.globo.com\/economia\/agronegocios\/noticia\/2021\/10\/07\/venda-de-carne-moida-regras-propostas-nao-se-aplicam-a-acougues-e-supermercados-diz-governo.ghtml\">\u00a0propostas foram colocadas em consulta p\u00fablica<\/a>\u00a0pelo Minist\u00e9rio.<\/p>\n\n\n\n<p class=\"wp-block-paragraph\">O \u00f3rg\u00e3o afirma que o novo regulamento visa assegurar a seguran\u00e7a dos produtos, bem como transpar\u00eancia aos consumidores.<\/p>\n\n\n\n<p class=\"wp-block-paragraph\">\u201cTratam-se de atualiza\u00e7\u00f5es e melhorias diante da moderniza\u00e7\u00e3o dos processos produtivos e dos procedimentos industriais\u201d, disse a diretora do Departamento de Inspe\u00e7\u00e3o de Produtos de Origem Animal, Ana L\u00facia Viana.<\/p>\n\n\n\n<p class=\"wp-block-paragraph\"><strong>Na sua casa:\u00a0<\/strong><a href=\"https:\/\/g1.globo.com\/economia\/agronegocios\/noticia\/2022\/10\/06\/como-congelar-e-descongelar-a-carne-moida.ghtml\">como congelar e descongelar a carne mo\u00edda?<\/a><br><a href=\"https:\/\/g1.globo.com\/economia\/agronegocios\/noticia\/2022\/07\/26\/prazo-de-validade-em-vegetais-frescos-embalados-nao-precisa-ser-mais-informado-por-produtores-diz-ministerio.ghtml\">Prazo de validade em vegetais n\u00e3o precisa ser mais informado por produtores<\/a><\/p>\n\n\n\n<h2 class=\"wp-block-heading\">Regras:<\/h2>\n\n\n\n<ul class=\"wp-block-list\"><li>A carne mo\u00edda dever\u00e1 ser<strong>\u00a0embalada imediatamente ap\u00f3s a moagem<\/strong>, devendo cada pacote do produto ter peso m\u00e1ximo de 1 quilo;<\/li><li><strong>N\u00e3o \u00e9 permitida\u00a0<\/strong>a obten\u00e7\u00e3o de carne mo\u00edda a partir de moagem de\u00a0<strong>carnes oriundas da raspagem de ossos<\/strong>\u00a0ou obtidas de quaisquer outros processos de separa\u00e7\u00e3o mec\u00e2nica dos ossos;<\/li><li>A<strong>\u00a0carne obtida das massas musculares esquel\u00e9ticas \u00e9 ingrediente obrigat\u00f3rio\u00a0<\/strong>na fabrica\u00e7\u00e3o de carne mo\u00edda;<\/li><li>A<strong>\u00a0porcentagem m\u00e1xima de gordura do produto dever\u00e1 ser informada\u00a0<\/strong>no painel principal, pr\u00f3ximo \u00e0 denomina\u00e7\u00e3o de venda;<\/li><li>A mat\u00e9ria-prima para fabrica\u00e7\u00e3o do produto deve ser exclusivamente carne, submetida a processamento pr\u00e9vio de resfriamento ou congelamento;<\/li><li>\u00c9<strong>\u00a0proibida a utiliza\u00e7\u00e3o de carne industrial<\/strong>\u00a0para a fabrica\u00e7\u00e3o de carne mo\u00edda e a obten\u00e7\u00e3o de carne mo\u00edda a partir de\u00a0<strong>moagem de mi\u00fados;<\/strong><\/li><li>A carne mo\u00edda resfriada dever\u00e1 ser mantida entre 0\u00b0C e 4\u00b0C e a\u00a0<strong>carne mo\u00edda congelada \u00e0 temperatura m\u00e1xima de -12\u00b0C;<\/strong><\/li><li>O<strong>\u00a0produto n\u00e3o poder\u00e1 sair do equipamento de moagem com temperatura superior a 7\u00b0C<\/strong>\u00a0e deve ser submetido imediatamente ao resfriamento ou ao congelamento r\u00e1pido.<\/li><\/ul>\n\n\n\n<p class=\"wp-block-paragraph\"><strong><em>Fonte: G1<\/em><\/strong><\/p>\n\n\n\n<p class=\"wp-block-paragraph\">.<\/p>\n","protected":false},"excerpt":{"rendered":"<p>Determina\u00e7\u00f5es passam a valer a partir de 1\u00ba de novembro \u2013 frigor\u00edficos ter\u00e3o um ano&hellip;<\/p>\n","protected":false},"author":2,"featured_media":5912,"comment_status":"open","ping_status":"open","sticky":false,"template":"","format":"standard","meta":{"footnotes":""},"categories":[76],"tags":[],"class_list":["post-5911","post","type-post","status-publish","format-standard","has-post-thumbnail","hentry","category-agronegocios"],"_links":{"self":[{"href":"https:\/\/atitudenoticias.com.br\/index.php?rest_route=\/wp\/v2\/posts\/5911","targetHints":{"allow":["GET"]}}],"collection":[{"href":"https:\/\/atitudenoticias.com.br\/index.php?rest_route=\/wp\/v2\/posts"}],"about":[{"href":"https:\/\/atitudenoticias.com.br\/index.php?rest_route=\/wp\/v2\/types\/post"}],"author":[{"embeddable":true,"href":"https:\/\/atitudenoticias.com.br\/index.php?rest_route=\/wp\/v2\/users\/2"}],"replies":[{"embeddable":true,"href":"https:\/\/atitudenoticias.com.br\/index.php?rest_route=%2Fwp%2Fv2%2Fcomments&post=5911"}],"version-history":[{"count":2,"href":"https:\/\/atitudenoticias.com.br\/index.php?rest_route=\/wp\/v2\/posts\/5911\/revisions"}],"predecessor-version":[{"id":5915,"href":"https:\/\/atitudenoticias.com.br\/index.php?rest_route=\/wp\/v2\/posts\/5911\/revisions\/5915"}],"wp:featuredmedia":[{"embeddable":true,"href":"https:\/\/atitudenoticias.com.br\/index.php?rest_route=\/wp\/v2\/media\/5912"}],"wp:attachment":[{"href":"https:\/\/atitudenoticias.com.br\/index.php?rest_route=%2Fwp%2Fv2%2Fmedia&parent=5911"}],"wp:term":[{"taxonomy":"category","embeddable":true,"href":"https:\/\/atitudenoticias.com.br\/index.php?rest_route=%2Fwp%2Fv2%2Fcategories&post=5911"},{"taxonomy":"post_tag","embeddable":true,"href":"https:\/\/atitudenoticias.com.br\/index.php?rest_route=%2Fwp%2Fv2%2Ftags&post=5911"}],"curies":[{"name":"wp","href":"https:\/\/api.w.org\/{rel}","templated":true}]}}