{"id":6114,"date":"2022-10-15T22:47:40","date_gmt":"2022-10-16T01:47:40","guid":{"rendered":"http:\/\/atitudenoticias.com.br\/?p=6114"},"modified":"2022-10-15T22:47:42","modified_gmt":"2022-10-16T01:47:42","slug":"oscar-esclarece-equivoco-e-afirma-que-esta-curado-de-cancer-no-cerebro","status":"publish","type":"post","link":"https:\/\/atitudenoticias.com.br\/?p=6114","title":{"rendered":"Oscar esclarece equ\u00edvoco e afirma que est\u00e1 curado de c\u00e2ncer no c\u00e9rebro"},"content":{"rendered":"\n<p><strong><em>\u00cddolo do basquete brasileiro agradeceu aos f\u00e3s pela preocupa\u00e7\u00e3o<\/em><\/strong><\/p>\n\n\n\n<p>O \u00eddolo do basquete brasileiro Oscar Schmidt, afirmou neste s\u00e1bado, 15, que est\u00e1 curado de c\u00e2ncer no c\u00e9rebro e n\u00e3o abandonou o tratamento da doen\u00e7a. Ele agradeceu aos f\u00e3s pela preocupa\u00e7\u00e3o e explicou que houve uma interpreta\u00e7\u00e3o errada ap\u00f3s entrevista.<\/p>\n\n\n\n<p>&#8220;Gostaria de agradecer imensamente o carinho de todos os f\u00e3s e amigos que me mandaram mensagens nesses \u00faltimos dias. Se teve algo de bom nesse mal-entendido, foi ver o carinho de todos voc\u00eas comigo. Fiquem tranquilos: eu n\u00e3o desisti dessa luta. Eu nunca faria isso. Eu VENCI essa batalha&#8221;, disse Schmidt.<\/p>\n\n\n\n<p>De acordo com nota divulgada, Oscar est\u00e1 bem de sa\u00fade e realizando exames de rotina regularmente, sendo acompanhado pela equipe m\u00e9dica que afirmou recentemente que o ex-jogador n\u00e3o precisaria realizar novas sess\u00f5es de quimioterapia.\u00a0<\/p>\n\n\n\n<p>Na entrevista anterior,&nbsp;<a href=\"https:\/\/atarde.com.br\/esportes\/oscar-schimdt-interrompe-tratamento-contra-o-cancer-1209087\" target=\"_blank\" rel=\"noreferrer noopener\">Oscar afirmou que parou o tratamento por conta pr\u00f3pria.&nbsp;<\/a><\/p>\n\n\n\n<p>&#8220;Eu fiz quimioterapia, que eu parei esse ano. Eu mesmo decidi parar. O doutor falou, h\u00e1 tr\u00eas anos, que estava pensando em parar com a quimioterapia. Eu falei: o senhor que me matar, doutor? A\u00ed, continuamos mais dois anos e meio e eu parei no come\u00e7o desse ano porque, se ele falou dois anos e meio atr\u00e1s significa que eu estou curado. E foi isso que aconteceu. O papa me aben\u00e7oou, botou a m\u00e3o em mim, nunca tinha chegado perto do papa&#8221;, afirmou.&nbsp;<\/p>\n\n\n\n<p>Mesmo sem disputar a NBA, Oscar Schmidt \u00e9 considerado um dos maiores jogadores da hist\u00f3ria do esporte. Em 2013, o brasileiro entrou para o Hall da Fama do Basquete, que fica nos Estados Unidos.<\/p>\n\n\n\n<p><strong>Leia a nota na \u00edntegra:\u00a0<\/strong><\/p>\n\n\n\n<p><em>&#8220;Em raz\u00e3o de mat\u00e9rias\/notas publicadas por ve\u00edculos de comunica\u00e7\u00e3o e informa\u00e7\u00f5es publicadas em redes sociais na data de ontem (sexta-feira, dia 14) e hoje (s\u00e1bado, dia 15), gostar\u00edamos de esclarecer que Oscar Schmidt, ex-jogador de basquete e atual palestrante motivacional, est\u00e1 bem de sa\u00fade, considerado curado do c\u00e2ncer no c\u00e9rebro contra o qual enfrentou um longo e delicado tratamento acompanhado pelo oncologista Dr. Olavo Feher desde 2013.<\/em><\/p>\n\n\n\n<p><em>O \u2018recorte\u2019 dado pela m\u00eddia ap\u00f3s entrevista concedida ao programa \u2018Sensacional\u2019, da RedeTV!, gerou uma interpreta\u00e7\u00e3o equivocada sobre seu estado de sa\u00fade: Oscar n\u00e3o \u2018desistiu\u2019 do tratamento de quimioterapia, como noticiado. Durante todo o per\u00edodo ap\u00f3s a extra\u00e7\u00e3o do tumor, Oscar realizou exames de rotina regularmente, inclusive resson\u00e2ncias magn\u00e9ticas, acompanhando de perto a evolu\u00e7\u00e3o do tratamento. Recentemente, a equipe m\u00e9dica informou que n\u00e3o seria mais necess\u00e1rio submeter-se \u00e0s sess\u00f5es, uma vez que, j\u00e1 h\u00e1 bastante tempo, n\u00e3o h\u00e1 qualquer sinal da doen\u00e7a em seu organismo.<\/em><\/p>\n\n\n\n<p><em>Diante deste cen\u00e1rio, recentemente Oscar encerrou o tratamento com sess\u00f5es de quimio e n\u00e3o \u2018desistiu\u2019 do tratamento, como divulgado, recebendo alta m\u00e9dica. A partir de agora, o ex-jogador far\u00e1 apenas acompanhamento de rotina com o Dr. Feher, uma vez que sua situa\u00e7\u00e3o pode ser considerada como em remiss\u00e3o&#8221;.<\/em><a href=\"https:\/\/news.google.com\/publications\/CAAqBwgKMIWwpgsw7bq-Aw?ceid=BR:pt-419&amp;oc=3\"><\/a><\/p>\n\n\n\n<h2 class=\"has-normal-font-size wp-block-heading\"><a href=\"https:\/\/news.google.com\/publications\/CAAqBwgKMIWwpgsw7bq-Aw?ceid=BR:pt-419&amp;oc=3\">A Tarde\u00a0<\/a><\/h2>\n","protected":false},"excerpt":{"rendered":"<p>\u00cddolo do basquete brasileiro agradeceu aos f\u00e3s pela preocupa\u00e7\u00e3o O \u00eddolo do basquete brasileiro Oscar&hellip;<\/p>\n","protected":false},"author":2,"featured_media":6116,"comment_status":"open","ping_status":"open","sticky":false,"template":"","format":"standard","meta":{"footnotes":""},"categories":[77,25],"tags":[],"class_list":["post-6114","post","type-post","status-publish","format-standard","has-post-thumbnail","hentry","category-celebridades","category-saude"],"_links":{"self":[{"href":"https:\/\/atitudenoticias.com.br\/index.php?rest_route=\/wp\/v2\/posts\/6114","targetHints":{"allow":["GET"]}}],"collection":[{"href":"https:\/\/atitudenoticias.com.br\/index.php?rest_route=\/wp\/v2\/posts"}],"about":[{"href":"https:\/\/atitudenoticias.com.br\/index.php?rest_route=\/wp\/v2\/types\/post"}],"author":[{"embeddable":true,"href":"https:\/\/atitudenoticias.com.br\/index.php?rest_route=\/wp\/v2\/users\/2"}],"replies":[{"embeddable":true,"href":"https:\/\/atitudenoticias.com.br\/index.php?rest_route=%2Fwp%2Fv2%2Fcomments&post=6114"}],"version-history":[{"count":1,"href":"https:\/\/atitudenoticias.com.br\/index.php?rest_route=\/wp\/v2\/posts\/6114\/revisions"}],"predecessor-version":[{"id":6117,"href":"https:\/\/atitudenoticias.com.br\/index.php?rest_route=\/wp\/v2\/posts\/6114\/revisions\/6117"}],"wp:featuredmedia":[{"embeddable":true,"href":"https:\/\/atitudenoticias.com.br\/index.php?rest_route=\/wp\/v2\/media\/6116"}],"wp:attachment":[{"href":"https:\/\/atitudenoticias.com.br\/index.php?rest_route=%2Fwp%2Fv2%2Fmedia&parent=6114"}],"wp:term":[{"taxonomy":"category","embeddable":true,"href":"https:\/\/atitudenoticias.com.br\/index.php?rest_route=%2Fwp%2Fv2%2Fcategories&post=6114"},{"taxonomy":"post_tag","embeddable":true,"href":"https:\/\/atitudenoticias.com.br\/index.php?rest_route=%2Fwp%2Fv2%2Ftags&post=6114"}],"curies":[{"name":"wp","href":"https:\/\/api.w.org\/{rel}","templated":true}]}}