{"id":6337,"date":"2022-10-27T00:38:30","date_gmt":"2022-10-27T03:38:30","guid":{"rendered":"http:\/\/atitudenoticias.com.br\/?p=6337"},"modified":"2022-10-27T00:40:01","modified_gmt":"2022-10-27T03:40:01","slug":"juiz-sergipano-recebera-titulo-de-cidadao-feirense","status":"publish","type":"post","link":"https:\/\/atitudenoticias.com.br\/?p=6337","title":{"rendered":"Juiz sergipano receber\u00e1 T\u00edtulo de Cidad\u00e3o Feirense"},"content":{"rendered":"\n<p>O juiz Ant\u00f4nio Henrique da Silva, titular da 2\u00aa Vara Crime da Comarca de Feira de Santana, receber\u00e1 o T\u00edtulo de Cidad\u00e3o Feirense, por iniciativa do vereador Paul\u00e3o do Caldeir\u00e3o (PSC). O projeto foi aprovado na sess\u00e3o desta quarta-feira (26), por unanimidade dos vereadores presentes, mas ainda n\u00e3o foi definida a data de entrega da honraria, que ocorrer\u00e1 em sess\u00e3o solene da C\u00e2mara Municipal.&nbsp;<\/p>\n\n\n\n<p>Sergipano nascido em Aracaju, Ant\u00f4nio Henrique da Silva, chegou a Feira de Santana em 2018. Al\u00e9m de atuar como juiz, \u00e9 escritor e tem publicados livros de poesias e contos, a exemplo da obra \u201cFiapos de Inspira\u00e7\u00e3o\u201d. Tamb\u00e9m \u00e9 autor de textos relacionados \u00e0s atividades laborais do magistrado, inclusive sobre audi\u00eancias de cust\u00f3dia. Dentre estas obras est\u00e3o as publica\u00e7\u00f5es \u201cCego de Tudo\u201d e \u201cPoder de uma Ma\u00e7\u00e3\u201d.\u00a0<\/p>\n\n\n\n<p><em><strong>(ASCOM\/CMFS &#8211; Foto: Edvaldo Peixoto)<\/strong><\/em><\/p>\n","protected":false},"excerpt":{"rendered":"<p>O juiz Ant\u00f4nio Henrique da Silva, titular da 2\u00aa Vara Crime da Comarca de Feira&hellip;<\/p>\n","protected":false},"author":2,"featured_media":6338,"comment_status":"open","ping_status":"open","sticky":false,"template":"","format":"standard","meta":{"footnotes":""},"categories":[58,62],"tags":[],"class_list":["post-6337","post","type-post","status-publish","format-standard","has-post-thumbnail","hentry","category-feira-de-santana","category-justica"],"_links":{"self":[{"href":"https:\/\/atitudenoticias.com.br\/index.php?rest_route=\/wp\/v2\/posts\/6337","targetHints":{"allow":["GET"]}}],"collection":[{"href":"https:\/\/atitudenoticias.com.br\/index.php?rest_route=\/wp\/v2\/posts"}],"about":[{"href":"https:\/\/atitudenoticias.com.br\/index.php?rest_route=\/wp\/v2\/types\/post"}],"author":[{"embeddable":true,"href":"https:\/\/atitudenoticias.com.br\/index.php?rest_route=\/wp\/v2\/users\/2"}],"replies":[{"embeddable":true,"href":"https:\/\/atitudenoticias.com.br\/index.php?rest_route=%2Fwp%2Fv2%2Fcomments&post=6337"}],"version-history":[{"count":1,"href":"https:\/\/atitudenoticias.com.br\/index.php?rest_route=\/wp\/v2\/posts\/6337\/revisions"}],"predecessor-version":[{"id":6339,"href":"https:\/\/atitudenoticias.com.br\/index.php?rest_route=\/wp\/v2\/posts\/6337\/revisions\/6339"}],"wp:featuredmedia":[{"embeddable":true,"href":"https:\/\/atitudenoticias.com.br\/index.php?rest_route=\/wp\/v2\/media\/6338"}],"wp:attachment":[{"href":"https:\/\/atitudenoticias.com.br\/index.php?rest_route=%2Fwp%2Fv2%2Fmedia&parent=6337"}],"wp:term":[{"taxonomy":"category","embeddable":true,"href":"https:\/\/atitudenoticias.com.br\/index.php?rest_route=%2Fwp%2Fv2%2Fcategories&post=6337"},{"taxonomy":"post_tag","embeddable":true,"href":"https:\/\/atitudenoticias.com.br\/index.php?rest_route=%2Fwp%2Fv2%2Ftags&post=6337"}],"curies":[{"name":"wp","href":"https:\/\/api.w.org\/{rel}","templated":true}]}}