{"id":6340,"date":"2022-10-27T00:27:20","date_gmt":"2022-10-27T03:27:20","guid":{"rendered":"http:\/\/atitudenoticias.com.br\/?p=6340"},"modified":"2022-10-27T00:27:22","modified_gmt":"2022-10-27T03:27:22","slug":"variola-dos-macacos-segue-controlada-em-feira","status":"publish","type":"post","link":"https:\/\/atitudenoticias.com.br\/?p=6340","title":{"rendered":"Var\u00edola dos macacos segue controlada em Feira"},"content":{"rendered":"\n<p><em><strong>Casos s\u00e3o acompanhados pela Secretaria de Sa\u00fade<\/strong><\/em><\/p>\n\n\n\n<p>Dos nove casos confirmados de var\u00edola dos macacos, em Feira de Santana, apenas quatro ainda est\u00e3o ativos. Dez casos suspeitos aguardam o resultado do exame em isolamento domiciliar. Os dados s\u00e3o da Secretaria Municipal de Sa\u00fade (SMS).<\/p>\n\n\n\n<p>A coordenadora da Vigil\u00e2ncia Epidemiol\u00f3gica, Carlita Correia, afirma que a doen\u00e7a segue controlada no munic\u00edpio e destaca que o estado de sa\u00fade dos pacientes infectados \u00e9 est\u00e1vel.<\/p>\n\n\n\n<p><em>\u201cTanto os pacientes ativos quanto os suspeitos seguem em isolamento, sendo monitorados pelas equipes de sa\u00fade\u201d, diz.&nbsp;<\/em>H\u00e1 72 notifica\u00e7\u00f5es da doen\u00e7a na SMS.<\/p>\n\n\n\n<p>As pessoas com sintomas caracter\u00edsticos da var\u00edola dos macacos devem procurar as unidades de refer\u00eancia para o atendimento. S\u00e3o elas: as sete policl\u00ednicas municipais, as duas Unidades de Pronto Atendimento (UPAs) e mais seis Unidades de Sa\u00fade da Fam\u00edlia (USFs) vinculadas ao programa Sa\u00fade na Hora &#8211; esta \u00faltima funciona de segunda a sexta-feira, das 8h \u00e0s 21h.<\/p>\n\n\n\n<blockquote class=\"wp-block-quote is-layout-flow wp-block-quote-is-layout-flow\"><p>\u201cDe todos os pacientes que foram confirmados, os sintomas mais comuns que temos observado s\u00e3o, principalmente, as les\u00f5es de pele, os g\u00e2nglios inflamados, dor de cabe\u00e7a forte e febre alta\u201d, pontuou Carlita.<\/p><\/blockquote>\n\n\n\n<p><strong><em>(SECOM\/PMFS)<\/em><\/strong><\/p>\n","protected":false},"excerpt":{"rendered":"<p>Casos s\u00e3o acompanhados pela Secretaria de Sa\u00fade Dos nove casos confirmados de var\u00edola dos macacos,&hellip;<\/p>\n","protected":false},"author":2,"featured_media":6341,"comment_status":"open","ping_status":"open","sticky":false,"template":"","format":"standard","meta":{"footnotes":""},"categories":[58,25],"tags":[],"class_list":["post-6340","post","type-post","status-publish","format-standard","has-post-thumbnail","hentry","category-feira-de-santana","category-saude"],"_links":{"self":[{"href":"https:\/\/atitudenoticias.com.br\/index.php?rest_route=\/wp\/v2\/posts\/6340","targetHints":{"allow":["GET"]}}],"collection":[{"href":"https:\/\/atitudenoticias.com.br\/index.php?rest_route=\/wp\/v2\/posts"}],"about":[{"href":"https:\/\/atitudenoticias.com.br\/index.php?rest_route=\/wp\/v2\/types\/post"}],"author":[{"embeddable":true,"href":"https:\/\/atitudenoticias.com.br\/index.php?rest_route=\/wp\/v2\/users\/2"}],"replies":[{"embeddable":true,"href":"https:\/\/atitudenoticias.com.br\/index.php?rest_route=%2Fwp%2Fv2%2Fcomments&post=6340"}],"version-history":[{"count":1,"href":"https:\/\/atitudenoticias.com.br\/index.php?rest_route=\/wp\/v2\/posts\/6340\/revisions"}],"predecessor-version":[{"id":6342,"href":"https:\/\/atitudenoticias.com.br\/index.php?rest_route=\/wp\/v2\/posts\/6340\/revisions\/6342"}],"wp:featuredmedia":[{"embeddable":true,"href":"https:\/\/atitudenoticias.com.br\/index.php?rest_route=\/wp\/v2\/media\/6341"}],"wp:attachment":[{"href":"https:\/\/atitudenoticias.com.br\/index.php?rest_route=%2Fwp%2Fv2%2Fmedia&parent=6340"}],"wp:term":[{"taxonomy":"category","embeddable":true,"href":"https:\/\/atitudenoticias.com.br\/index.php?rest_route=%2Fwp%2Fv2%2Fcategories&post=6340"},{"taxonomy":"post_tag","embeddable":true,"href":"https:\/\/atitudenoticias.com.br\/index.php?rest_route=%2Fwp%2Fv2%2Ftags&post=6340"}],"curies":[{"name":"wp","href":"https:\/\/api.w.org\/{rel}","templated":true}]}}