{"id":6434,"date":"2022-10-31T22:40:16","date_gmt":"2022-11-01T01:40:16","guid":{"rendered":"http:\/\/atitudenoticias.com.br\/?p=6434"},"modified":"2022-10-31T22:46:15","modified_gmt":"2022-11-01T01:46:15","slug":"seminario-final-eletronico-do-plano-de-acoes-para-combater-enchentes-acontece-dia-16","status":"publish","type":"post","link":"https:\/\/atitudenoticias.com.br\/?p=6434","title":{"rendered":"Semin\u00e1rio final eletr\u00f4nico do plano de a\u00e7\u00f5es para combater enchentes acontece dia 16"},"content":{"rendered":"\n<p><em><strong>Iniciativa \u00e9 da Secretaria Municipal de Planejamento<\/strong><\/em><\/p>\n\n\n\n<p><em>A Prefeitura de Feira de Santana, atrav\u00e9s da Secretaria Municipal de Planejamento, convida a popula\u00e7\u00e3o feirense para contribuir com o processo de elabora\u00e7\u00e3o do Plano Diretor de Drenagem e Manejo de \u00c1guas Pluviais Urbanas do Munic\u00edpio de Feira de Santana \u2013 PDMAPFS, atrav\u00e9s do Semin\u00e1rio Final eletr\u00f4nico, no dia 16 de novembro de 2022, a partir das 9h.<\/em><\/p>\n\n\n\n<p><em>A popula\u00e7\u00e3o poder\u00e1 contribuir atrav\u00e9s do formul\u00e1rio online oficial fornecido pela Prefeitura Municipal de Feira de Santana, a ser disponibilizado durante o semin\u00e1rio<\/em>.<\/p>\n\n\n\n<p><em>O PDMAPFS, como \u00e9 denominado tecnicamente, trata-se de um instrumento que nortear\u00e1 a\u00e7\u00f5es de preven\u00e7\u00e3o e redu\u00e7\u00e3o dos preju\u00edzos causados pelas chuvas em \u00e1reas cr\u00edticas na cidade, al\u00e9m de orientar o crescimento sustent\u00e1vel dos assentamentos urbanos.<\/em><\/p>\n\n\n\n<p><strong><em>(SECOM\/PMFS)<\/em><\/strong><\/p>\n","protected":false},"excerpt":{"rendered":"<p>Iniciativa \u00e9 da Secretaria Municipal de Planejamento A Prefeitura de Feira de Santana, atrav\u00e9s da&hellip;<\/p>\n","protected":false},"author":2,"featured_media":6435,"comment_status":"open","ping_status":"open","sticky":false,"template":"","format":"standard","meta":{"footnotes":""},"categories":[58],"tags":[],"class_list":["post-6434","post","type-post","status-publish","format-standard","has-post-thumbnail","hentry","category-feira-de-santana"],"_links":{"self":[{"href":"https:\/\/atitudenoticias.com.br\/index.php?rest_route=\/wp\/v2\/posts\/6434","targetHints":{"allow":["GET"]}}],"collection":[{"href":"https:\/\/atitudenoticias.com.br\/index.php?rest_route=\/wp\/v2\/posts"}],"about":[{"href":"https:\/\/atitudenoticias.com.br\/index.php?rest_route=\/wp\/v2\/types\/post"}],"author":[{"embeddable":true,"href":"https:\/\/atitudenoticias.com.br\/index.php?rest_route=\/wp\/v2\/users\/2"}],"replies":[{"embeddable":true,"href":"https:\/\/atitudenoticias.com.br\/index.php?rest_route=%2Fwp%2Fv2%2Fcomments&post=6434"}],"version-history":[{"count":1,"href":"https:\/\/atitudenoticias.com.br\/index.php?rest_route=\/wp\/v2\/posts\/6434\/revisions"}],"predecessor-version":[{"id":6436,"href":"https:\/\/atitudenoticias.com.br\/index.php?rest_route=\/wp\/v2\/posts\/6434\/revisions\/6436"}],"wp:featuredmedia":[{"embeddable":true,"href":"https:\/\/atitudenoticias.com.br\/index.php?rest_route=\/wp\/v2\/media\/6435"}],"wp:attachment":[{"href":"https:\/\/atitudenoticias.com.br\/index.php?rest_route=%2Fwp%2Fv2%2Fmedia&parent=6434"}],"wp:term":[{"taxonomy":"category","embeddable":true,"href":"https:\/\/atitudenoticias.com.br\/index.php?rest_route=%2Fwp%2Fv2%2Fcategories&post=6434"},{"taxonomy":"post_tag","embeddable":true,"href":"https:\/\/atitudenoticias.com.br\/index.php?rest_route=%2Fwp%2Fv2%2Ftags&post=6434"}],"curies":[{"name":"wp","href":"https:\/\/api.w.org\/{rel}","templated":true}]}}