{"id":7635,"date":"2022-12-19T20:51:11","date_gmt":"2022-12-19T23:51:11","guid":{"rendered":"http:\/\/atitudenoticias.com.br\/?p=7635"},"modified":"2022-12-19T20:51:12","modified_gmt":"2022-12-19T23:51:12","slug":"benzema-se-aposenta-da-selecao-francesa","status":"publish","type":"post","link":"https:\/\/atitudenoticias.com.br\/?p=7635","title":{"rendered":"Benzema se aposenta da sele\u00e7\u00e3o francesa"},"content":{"rendered":"\n<p class=\"wp-block-paragraph\"><strong><em>Jogador se machucou em prepara\u00e7\u00e3o para a Copa do Mundo do Catar<\/em><\/strong><\/p>\n\n\n\n<p class=\"wp-block-paragraph\">O atacante Karim Benzema publicou em suas contas nas redes sociais, na manh\u00e3 desta segunda-feira, 19, dando a entender que estaria se aposentando da sele\u00e7\u00e3o francesa.<\/p>\n\n\n\n<p class=\"wp-block-paragraph\">&#8220;Eu fiz o esfor\u00e7o e os erros necess\u00e1rios para estar onde estou hoje e tenho orgulho disso! Escrevi minha hist\u00f3ria e a nossa acaba&#8221;, disse Benzema na publica\u00e7\u00e3o.<\/p>\n\n\n\n<p class=\"wp-block-paragraph\">Benzema foi convocado para a Copa do Mundo mas sofreu uma les\u00e3o antes da competi\u00e7\u00e3o come\u00e7ar e teve que ser afastado.\u00a0<\/p>\n\n\n\n<p class=\"wp-block-paragraph\">O atacante deixou o Catar e foi tratar da les\u00e3o na Fran\u00e7a. Ele n\u00e3o chegou a ser cortado da delega\u00e7\u00e3o, mas depois que foi tratar a les\u00e3o n\u00e3o voltou mais ao pa\u00eds da Copa.<\/p>\n\n\n\n<p class=\"wp-block-paragraph\">No m\u00eas de novembro, Benzema foi eleito o Bola de Ouro, premia\u00e7\u00e3o da revista France Football que homenageia o melhor jogador da temporada.<\/p>\n\n\n\n<p class=\"wp-block-paragraph\"><strong><em>(ATarde &#8211; \u00a0Foto: Franck Fife)<\/em><\/strong><\/p>\n","protected":false},"excerpt":{"rendered":"<p>Jogador se machucou em prepara\u00e7\u00e3o para a Copa do Mundo do Catar O atacante Karim&hellip;<\/p>\n","protected":false},"author":2,"featured_media":7636,"comment_status":"open","ping_status":"open","sticky":false,"template":"","format":"standard","meta":{"footnotes":""},"categories":[73],"tags":[],"class_list":["post-7635","post","type-post","status-publish","format-standard","has-post-thumbnail","hentry","category-copa-do-mundo"],"_links":{"self":[{"href":"https:\/\/atitudenoticias.com.br\/index.php?rest_route=\/wp\/v2\/posts\/7635","targetHints":{"allow":["GET"]}}],"collection":[{"href":"https:\/\/atitudenoticias.com.br\/index.php?rest_route=\/wp\/v2\/posts"}],"about":[{"href":"https:\/\/atitudenoticias.com.br\/index.php?rest_route=\/wp\/v2\/types\/post"}],"author":[{"embeddable":true,"href":"https:\/\/atitudenoticias.com.br\/index.php?rest_route=\/wp\/v2\/users\/2"}],"replies":[{"embeddable":true,"href":"https:\/\/atitudenoticias.com.br\/index.php?rest_route=%2Fwp%2Fv2%2Fcomments&post=7635"}],"version-history":[{"count":1,"href":"https:\/\/atitudenoticias.com.br\/index.php?rest_route=\/wp\/v2\/posts\/7635\/revisions"}],"predecessor-version":[{"id":7637,"href":"https:\/\/atitudenoticias.com.br\/index.php?rest_route=\/wp\/v2\/posts\/7635\/revisions\/7637"}],"wp:featuredmedia":[{"embeddable":true,"href":"https:\/\/atitudenoticias.com.br\/index.php?rest_route=\/wp\/v2\/media\/7636"}],"wp:attachment":[{"href":"https:\/\/atitudenoticias.com.br\/index.php?rest_route=%2Fwp%2Fv2%2Fmedia&parent=7635"}],"wp:term":[{"taxonomy":"category","embeddable":true,"href":"https:\/\/atitudenoticias.com.br\/index.php?rest_route=%2Fwp%2Fv2%2Fcategories&post=7635"},{"taxonomy":"post_tag","embeddable":true,"href":"https:\/\/atitudenoticias.com.br\/index.php?rest_route=%2Fwp%2Fv2%2Ftags&post=7635"}],"curies":[{"name":"wp","href":"https:\/\/api.w.org\/{rel}","templated":true}]}}