{"id":7704,"date":"2022-12-24T21:11:42","date_gmt":"2022-12-25T00:11:42","guid":{"rendered":"http:\/\/atitudenoticias.com.br\/?p=7704"},"modified":"2022-12-24T21:11:43","modified_gmt":"2022-12-25T00:11:43","slug":"feira-de-santana-tem-o-maior-pib-do-interior-do-norte-nordeste-em-comercio-e-servicos","status":"publish","type":"post","link":"https:\/\/atitudenoticias.com.br\/?p=7704","title":{"rendered":"Feira de Santana tem o maior PIB do interior do norte-nordeste em Com\u00e9rcio e Servi\u00e7os"},"content":{"rendered":"\n<p><em><strong>PIB feirense teve um crescimento de mais de 3%<\/strong><\/em><\/p>\n\n\n\n<figure class=\"wp-block-image size-large\"><img fetchpriority=\"high\" decoding=\"async\" width=\"1024\" height=\"683\" src=\"http:\/\/atitudenoticias.com.br\/wp-content\/uploads\/2022\/12\/PIB-de-Feira-de-Santana-GALERIA-fotos-ACM-Secom-1-1024x683.jpg\" alt=\"\" class=\"wp-image-7706\" srcset=\"https:\/\/atitudenoticias.com.br\/wp-content\/uploads\/2022\/12\/PIB-de-Feira-de-Santana-GALERIA-fotos-ACM-Secom-1-1024x683.jpg 1024w, https:\/\/atitudenoticias.com.br\/wp-content\/uploads\/2022\/12\/PIB-de-Feira-de-Santana-GALERIA-fotos-ACM-Secom-1-300x200.jpg 300w, https:\/\/atitudenoticias.com.br\/wp-content\/uploads\/2022\/12\/PIB-de-Feira-de-Santana-GALERIA-fotos-ACM-Secom-1-768x512.jpg 768w, https:\/\/atitudenoticias.com.br\/wp-content\/uploads\/2022\/12\/PIB-de-Feira-de-Santana-GALERIA-fotos-ACM-Secom-1-585x390.jpg 585w, https:\/\/atitudenoticias.com.br\/wp-content\/uploads\/2022\/12\/PIB-de-Feira-de-Santana-GALERIA-fotos-ACM-Secom-1-263x175.jpg 263w, https:\/\/atitudenoticias.com.br\/wp-content\/uploads\/2022\/12\/PIB-de-Feira-de-Santana-GALERIA-fotos-ACM-Secom-1.jpg 1169w\" sizes=\"(max-width: 1024px) 100vw, 1024px\" \/><\/figure>\n\n\n\n<p>O setor de Com\u00e9rcio e Servi\u00e7os \u00e9 o grande destaque dos n\u00fameros do PIB (Produto Interno Bruto) de Feira de Santana no ano de 2020. Os dados foram revelados pelo IBGE (Instituto Brasileiro de Geografia e Estat\u00edsticas) na \u00faltima semana.&nbsp;No per\u00edodo em que o mundo viveu o pico da pandemia da Covid-19, o PIB feirense teve um crescimento de mais de 3%, comparado ao \u00faltimo levantamento, relativo ao ano de 2018 (R$ 14.683.079,00).<\/p>\n\n\n\n<p>No setor de Com\u00e9rcio e Servi\u00e7os, Feira de Santana teve em 2020 o maior PIB do interior do norte-nordeste do pa\u00eds, ultrapassando R$ 7 bilh\u00f5es (7.784.906,71).&nbsp;No setor de Ind\u00fastria ficou em R$ 2.847.866,63; Setor P\u00fablico R$ 1.994.076,31 e Agropecu\u00e1ria: R$ 65.591,85.<\/p>\n\n\n\n<p>Feira de Santana se manteve como o 3\u00ba maior PIB da Bahia, atr\u00e1s de Salvador e Cama\u00e7ari. Entretanto as duas primeiras colocadas no estado registraram uma redu\u00e7\u00e3o no PIB em rela\u00e7\u00e3o ao levantamento anterior.&nbsp;No Brasil, o munic\u00edpio ocupa da 76\u00aa posi\u00e7\u00e3o.&nbsp;O produto interno bruto representa a soma de todos os bens e servi\u00e7os finais produzidos numa determinada regi\u00e3o, durante um per\u00edodo determinado.<\/p>\n\n\n\n<p>O secret\u00e1rio municipal de Planejamento, Carlos Brito, avalia em entrevista os n\u00fameros do PIB em Feira de Santana.&nbsp;<\/p>\n\n\n\n<p><strong>&#8211; Qual o principal destaque da nossa cidade em rela\u00e7\u00e3o ao PIB 2020, divulgado pelo IBGE?<\/strong><\/p>\n\n\n\n<p><em>O setor de com\u00e9rcio e servi\u00e7os, que \u00e9 o nosso forte, \u00e9 o maior do interior do nordeste. Supera cidades como Jaboat\u00e3o dos Guararapes, Cama\u00e7ari, S\u00e3o Francisco do Conce, Campina Grande, Maracana\u00fa, Caruaru. \u00c9 um segmento que continua crescendo e em um contexto de pandemia. Ou seja, no pico da pandemia a cidade correspondeu muito bem.<\/em><\/p>\n\n\n\n<p><strong>&#8211; Outros setores tamb\u00e9m se destacaram?<\/strong><\/p>\n\n\n\n<p><em>A ind\u00fastria tamb\u00e9m cresceu, mesmo sem termos uma tradi\u00e7\u00e3o industrial. Nossa ind\u00fastria deu uma resposta boa, cresceu tamb\u00e9m. Pois mesmo na pandemia manteve a produ\u00e7\u00e3o, a exporta\u00e7\u00e3o.<\/em><\/p>\n\n\n\n<p><strong>&#8211; O que pode ter contribu\u00eddo para um crescimento do PIB de Feira de Santana em plena pandemia?<\/strong><\/p>\n\n\n\n<p><em>Isso n\u00e3o acontece&nbsp;por acaso. \u00c9 um conjunto de fatores. Hoje estamos em 76\u00ba no pa\u00eds em rela\u00e7\u00e3o a economia, apesar de sermos a 34\u00aa em popula\u00e7\u00e3o. Uma cidade com uma popula\u00e7\u00e3o grande, mas em termos or\u00e7ament\u00e1rio deixa muito a desejar. Mas \u00e9 uma cidade que consegue seus grandes feitos.<\/em><\/p>\n\n\n\n<p><strong>&#8211; O crescimento tem sido uma tend\u00eancia da cidade nos \u00faltimos anos<\/strong><\/p>\n\n\n\n<p><em>Antes do ano 2000 n\u00e3o est\u00e1vamos nem entre as 100 maiores economias do pa\u00eds. De 20 anos pra c\u00e1 figuramos sempre entre as 100 maiores do Brasil. Nesse per\u00edodo a gest\u00e3o municipal conseguiu dar credibilidade a cidade, a economia cresceu, o com\u00e9rcio evoluiu, e hoje temos indicadores que precisamos mostrar a popula\u00e7\u00e3o para que ela possa se orgulhar. Dizer que ela est\u00e1 contribuindo com esse crescimento. Servi\u00e7o e com\u00e9rcio, no interior do nordeste, ningu\u00e9m chega nem perto. Somente na \u00e1rea de servi\u00e7os s\u00e3o quase 8bi o PIB.<\/em><\/p>\n\n\n\n<p><strong>&#8211; O que Feira precisa para melhorar o PIB?<\/strong><\/p>\n\n\n\n<p><em>\u00c9 preciso Feira de Santana ser olhada diferente pelo Governo do Estado da Bahia. At\u00e9 novembro deste ano, somente de impostos arrecadados pelo Estado em Feira de Santana, contabilizou-se um bilh\u00e3o, quatrocentos e setenta milh\u00f5es de reais. O que foi repassado para o Munic\u00edpio foi trezentos e sessenta e sete milh\u00f5es de reais. Claro que al\u00e9m disso tem uma parcela para bancar UEFS, Pol\u00edcia Militar, hospitais, escolas, equipamentos do Estado na cidade, entretanto, ainda assim, sobra&nbsp;uma parte muito grande, que n\u00e3o \u00e9 revertida em investimentos na cidade.<\/em><\/p>\n\n\n\n<p><strong>&#8211; Na quest\u00e3o or\u00e7ament\u00e1ria, Feira est\u00e1 no patamar de cidades do mesmo porte no Brasil?<\/strong><\/p>\n\n\n\n<p><em>Longe disso. Feira de Santana, hoje com mais de 600 mil habitantes, tem or\u00e7amento de cidade de 300 mil habitantes. O Projeto de Lei Or\u00e7amentaria Anual para 2023 que entregamos \u00e0 C\u00e2mara foi\u00a0de R$ 1.963.320.508,00 [Um bilh\u00e3o, novecentos e sessenta e tr\u00eas milh\u00f5es, trezentos e vinte mil, quinhentos e oito reais]. Para se ter ideia, o or\u00e7amento de Ribeir\u00e3o Preto, que tem 700 mil habitantes, \u00e9 de R$ 4 bilh\u00f5es.<\/em><\/p>\n\n\n\n<figure class=\"wp-block-image size-large\"><img decoding=\"async\" width=\"1024\" height=\"683\" src=\"http:\/\/atitudenoticias.com.br\/wp-content\/uploads\/2022\/12\/PIB-de-Feira-de-Santana-GALERIA-fotos-ACM-Secom-5-1024x683.jpg\" alt=\"\" class=\"wp-image-7707\" srcset=\"https:\/\/atitudenoticias.com.br\/wp-content\/uploads\/2022\/12\/PIB-de-Feira-de-Santana-GALERIA-fotos-ACM-Secom-5-1024x683.jpg 1024w, https:\/\/atitudenoticias.com.br\/wp-content\/uploads\/2022\/12\/PIB-de-Feira-de-Santana-GALERIA-fotos-ACM-Secom-5-300x200.jpg 300w, https:\/\/atitudenoticias.com.br\/wp-content\/uploads\/2022\/12\/PIB-de-Feira-de-Santana-GALERIA-fotos-ACM-Secom-5-768x512.jpg 768w, https:\/\/atitudenoticias.com.br\/wp-content\/uploads\/2022\/12\/PIB-de-Feira-de-Santana-GALERIA-fotos-ACM-Secom-5-585x390.jpg 585w, https:\/\/atitudenoticias.com.br\/wp-content\/uploads\/2022\/12\/PIB-de-Feira-de-Santana-GALERIA-fotos-ACM-Secom-5-263x175.jpg 263w, https:\/\/atitudenoticias.com.br\/wp-content\/uploads\/2022\/12\/PIB-de-Feira-de-Santana-GALERIA-fotos-ACM-Secom-5.jpg 1169w\" sizes=\"(max-width: 1024px) 100vw, 1024px\" \/><\/figure>\n\n\n\n<p><strong><em>(SECOM\/PMFS &#8211; Fotos: ACM)<\/em><\/strong><\/p>\n","protected":false},"excerpt":{"rendered":"<p>PIB feirense teve um crescimento de mais de 3% O setor de Com\u00e9rcio e Servi\u00e7os&hellip;<\/p>\n","protected":false},"author":2,"featured_media":7705,"comment_status":"open","ping_status":"open","sticky":false,"template":"","format":"standard","meta":{"footnotes":""},"categories":[56,58],"tags":[],"class_list":["post-7704","post","type-post","status-publish","format-standard","has-post-thumbnail","hentry","category-economia","category-feira-de-santana"],"_links":{"self":[{"href":"https:\/\/atitudenoticias.com.br\/index.php?rest_route=\/wp\/v2\/posts\/7704","targetHints":{"allow":["GET"]}}],"collection":[{"href":"https:\/\/atitudenoticias.com.br\/index.php?rest_route=\/wp\/v2\/posts"}],"about":[{"href":"https:\/\/atitudenoticias.com.br\/index.php?rest_route=\/wp\/v2\/types\/post"}],"author":[{"embeddable":true,"href":"https:\/\/atitudenoticias.com.br\/index.php?rest_route=\/wp\/v2\/users\/2"}],"replies":[{"embeddable":true,"href":"https:\/\/atitudenoticias.com.br\/index.php?rest_route=%2Fwp%2Fv2%2Fcomments&post=7704"}],"version-history":[{"count":1,"href":"https:\/\/atitudenoticias.com.br\/index.php?rest_route=\/wp\/v2\/posts\/7704\/revisions"}],"predecessor-version":[{"id":7708,"href":"https:\/\/atitudenoticias.com.br\/index.php?rest_route=\/wp\/v2\/posts\/7704\/revisions\/7708"}],"wp:featuredmedia":[{"embeddable":true,"href":"https:\/\/atitudenoticias.com.br\/index.php?rest_route=\/wp\/v2\/media\/7705"}],"wp:attachment":[{"href":"https:\/\/atitudenoticias.com.br\/index.php?rest_route=%2Fwp%2Fv2%2Fmedia&parent=7704"}],"wp:term":[{"taxonomy":"category","embeddable":true,"href":"https:\/\/atitudenoticias.com.br\/index.php?rest_route=%2Fwp%2Fv2%2Fcategories&post=7704"},{"taxonomy":"post_tag","embeddable":true,"href":"https:\/\/atitudenoticias.com.br\/index.php?rest_route=%2Fwp%2Fv2%2Ftags&post=7704"}],"curies":[{"name":"wp","href":"https:\/\/api.w.org\/{rel}","templated":true}]}}