{"id":8350,"date":"2023-01-01T03:55:13","date_gmt":"2023-01-01T06:55:13","guid":{"rendered":"http:\/\/atitudenoticias.com.br\/?p=8350"},"modified":"2023-01-20T21:51:20","modified_gmt":"2023-01-21T00:51:20","slug":"microsoft-deve-demitir-mais-de-10-mil-funcionarios","status":"publish","type":"post","link":"https:\/\/atitudenoticias.com.br\/?p=8350","title":{"rendered":"Microsoft deve demitir mais de 10 mil funcion\u00e1rios"},"content":{"rendered":"\n<p class=\"wp-block-paragraph\"><em><strong>Segundo o CEO Satya Nadella, a empresa passar\u00e1 por dois anos &#8220;desafiadores&#8221;<\/strong><\/em><\/p>\n\n\n\n<p class=\"wp-block-paragraph\">A\u00a0<strong>Microsoft<\/strong>\u00a0planeja demitir mais de\u00a0<strong>10 mil funcion\u00e1rios<\/strong>\u00a0da opera\u00e7\u00e3o global da companhia ainda nesta quarta-feira, 18. Segundo a Bloomberg, o corte, que significa 5% do quadro de colaboradores, ter\u00e1 um custo de US$ 1,2 bilh\u00e3o nas contas da empresa.<\/p>\n\n\n\n<p class=\"wp-block-paragraph\">Nessa nova demiss\u00e3o em massa, nem mesmo o setor de tecnologia ser\u00e1 poupado. Os cortes ser\u00e3o \u201csignificativamente maiores\u201d do que o layoff de 1% em 2022. No ano passado, as fun\u00e7\u00f5es mais afetadas foram as de consultoria e solu\u00e7\u00f5es para clientes.<\/p>\n\n\n\n<p class=\"wp-block-paragraph\">O an\u00fancio acontece dias ap\u00f3s Satya Nadella, CEO da Microsoft, confirmar que a empresa passar\u00e1 por dois anos &#8220;desafiadores&#8221;. \u201cTivemos muita acelera\u00e7\u00e3o durante a pandemia e h\u00e1 uma certa normaliza\u00e7\u00e3o dessa demanda. E, al\u00e9m disso, h\u00e1 uma verdadeira recess\u00e3o em algumas partes do mundo&#8221;, disse em entrevista para a&nbsp;CNBC.<\/p>\n\n\n\n<p class=\"wp-block-paragraph\">Ainda n\u00e3o se sabe o n\u00famero exato de demiss\u00f5es ou quais setores e pa\u00edses ser\u00e3o mais afetados.<\/p>\n\n\n\n<p class=\"wp-block-paragraph\">Al\u00e9m da Microsoft,\u00a0 gigantes da tecnologia como Meta, Amazon, Twitter e Salesforce tamb\u00e9m realizaram demiss\u00f5es no in\u00edcio do ano. <strong><em>(Exame)<\/em><\/strong><\/p>\n\n\n\n<p class=\"wp-block-paragraph\"><\/p>\n","protected":false},"excerpt":{"rendered":"<p>Segundo o CEO Satya Nadella, a empresa passar\u00e1 por dois anos &#8220;desafiadores&#8221; A\u00a0Microsoft\u00a0planeja demitir mais&hellip;<\/p>\n","protected":false},"author":2,"featured_media":8351,"comment_status":"open","ping_status":"open","sticky":false,"template":"","format":"standard","meta":{"footnotes":""},"categories":[34],"tags":[],"class_list":["post-8350","post","type-post","status-publish","format-standard","has-post-thumbnail","hentry","category-tecnologia"],"_links":{"self":[{"href":"https:\/\/atitudenoticias.com.br\/index.php?rest_route=\/wp\/v2\/posts\/8350","targetHints":{"allow":["GET"]}}],"collection":[{"href":"https:\/\/atitudenoticias.com.br\/index.php?rest_route=\/wp\/v2\/posts"}],"about":[{"href":"https:\/\/atitudenoticias.com.br\/index.php?rest_route=\/wp\/v2\/types\/post"}],"author":[{"embeddable":true,"href":"https:\/\/atitudenoticias.com.br\/index.php?rest_route=\/wp\/v2\/users\/2"}],"replies":[{"embeddable":true,"href":"https:\/\/atitudenoticias.com.br\/index.php?rest_route=%2Fwp%2Fv2%2Fcomments&post=8350"}],"version-history":[{"count":1,"href":"https:\/\/atitudenoticias.com.br\/index.php?rest_route=\/wp\/v2\/posts\/8350\/revisions"}],"predecessor-version":[{"id":8352,"href":"https:\/\/atitudenoticias.com.br\/index.php?rest_route=\/wp\/v2\/posts\/8350\/revisions\/8352"}],"wp:featuredmedia":[{"embeddable":true,"href":"https:\/\/atitudenoticias.com.br\/index.php?rest_route=\/wp\/v2\/media\/8351"}],"wp:attachment":[{"href":"https:\/\/atitudenoticias.com.br\/index.php?rest_route=%2Fwp%2Fv2%2Fmedia&parent=8350"}],"wp:term":[{"taxonomy":"category","embeddable":true,"href":"https:\/\/atitudenoticias.com.br\/index.php?rest_route=%2Fwp%2Fv2%2Fcategories&post=8350"},{"taxonomy":"post_tag","embeddable":true,"href":"https:\/\/atitudenoticias.com.br\/index.php?rest_route=%2Fwp%2Fv2%2Ftags&post=8350"}],"curies":[{"name":"wp","href":"https:\/\/api.w.org\/{rel}","templated":true}]}}